{"id":712,"date":"2022-12-03T09:45:43","date_gmt":"2022-12-03T08:45:43","guid":{"rendered":"https:\/\/www.leschatonsphilosophes.com\/?p=712"},"modified":"2022-12-03T09:45:45","modified_gmt":"2022-12-03T08:45:45","slug":"3-decembre-la-patte-des-chatons","status":"publish","type":"post","link":"https:\/\/www.leschatonsphilosophes.com\/index.php\/2022\/12\/03\/3-decembre-la-patte-des-chatons\/","title":{"rendered":"3 D\u00c9CEMBRE : LA PATTE DES CHATONS"},"content":{"rendered":"\n<p>Les Chatons Philosophes bonjour<\/p>\n\n\n\n<p><\/p>\n\n\n\n<p>M\u00eame si j&rsquo;ai l&rsquo;impression d&rsquo;\u00eatre totalement invisible et plong\u00e9e dans un vide sid\u00e9ral car en d\u00e9pit de mes nombreuses publications quotidiennes, je ne re\u00e7ois jamais de retours, je continue \u00e0 vous offrir les \u00ab\u00a0cogitations\u00a0\u00bb des Chatons Philosophes sur Facebook et mon site Internet          <\/p>\n\n\n\n<p>                                               <a href=\"http:\/\/www.leschatonsphilosophes.com\">www.leschatonsphilosophes.com<\/a> <\/p>\n\n\n\n<p><\/p>\n\n\n\n<p>en esp\u00e9rant que celles-ci vous vous prodigueront parfois bien-\u00eatre, r\u00e9confort.<br><br>Je pense que la raison pour laquelle les Chatons Philosophes n&rsquo;ont aucune visibilit\u00e9, c&rsquo;est que je n&rsquo;adh\u00e8re pas aux sempiternels messages impersonnels et \u00ab\u00a0bisounours\u00a0\u00bb qui vous donnent l&rsquo;impression qu&rsquo;on est compatissant \u00e0 votre \u00e9gard alors que dans la r\u00e9alit\u00e9, les personnes \u00e9mettant ces messages sont incapables dans le quotidien &#8211; la dure r\u00e9alit\u00e9 de la vie &#8211; de faire preuve de la moindre compassion envers un SDF par exemple&#8230;<br><br>Les Chatons Philosophes ne sont pas des professeurs, encore moins des donneurs de le\u00e7ons. Au quotidien, je m&rsquo;efforce d&rsquo;aider les autres dans la mesure de mes moyens limit\u00e9s.<br><br>Je m&rsquo;interroge souvent lorsque je vois toutes ces personnes qui \u00e9ditent, comme si c&rsquo;\u00e9tait chose facile &#8211; et je suis sinc\u00e8rement heureuse pour elles.<br><br>En ce qui me concerne, j&rsquo;ai choisi une voie ardue. Ce n&rsquo;est pas tant la philosophie pour enfants que les continus que je propose, qui sont \u00ab\u00a0volontairement\u00a0\u00bb compliqu\u00e9s mais toujours expliqu\u00e9s de fa\u00e7on \u00e0 \u00eatre compris par les enfants.<br><br>Je suis all\u00e9e au Salon du Livre de Jeunesse de Montreuil et je suis atterr\u00e9e par les productions propos\u00e9es pour les enfants. Non seulement TOUTES les maisons d&rsquo;\u00e9dition proposent les m\u00eames livres, mais ces derniers sont, non pas enfantins, mais infantiles. Je vois toujours les m\u00eames livres depuis des ann\u00e9es (m\u00eame du temps de mon enfance et j&rsquo;ai plus de soixante ans !!). Les maisons d&rsquo;\u00e9dition ont une m\u00eame ligne \u00e9ditoriale depuis leur cr\u00e9ation et n&rsquo;y d\u00e9rogent en aucun cas. En revanche, elles vont d\u00e9rouler le tapis rouge \u00e0 de c\u00e9l\u00e8bres actrices (je vous laisse deviner qui), \u00e0 des influenceuses ayant des millions de followers&#8230; car ce sont pour elles des revenus financiers assur\u00e9s.<br><br>Donc autant vous dire que mes fascicules th\u00e9matiques et mon Semainier Les Chatons Philosophes &#8211; je vous laisse les d\u00e9couvrir sur mon site <a href=\"www.leschatonsphilosphes.com\">www.leschatonsphilosphes.com<\/a> &#8211; n&rsquo;ont aucune chance d&rsquo;\u00eatre publi\u00e9s.<br><br>C&rsquo;est donc la mort dans l&rsquo;\u00e2me que je vais devoir arr\u00eater Les Chatons Philosophes. Je me donne jusqu&rsquo;\u00e0 juin 2023 mais si \u00e0 cette date je n&rsquo;ai pu trouver d&rsquo;\u00e9diteur, voire trouver des internautes int\u00e9ress\u00e9s par ma d\u00e9marche et voulant m&rsquo;aider en achetant mes supports, je devrais arr\u00eater car malheureusement on ne vit pas de l&rsquo;air du temps.<br><br>Si par miracle &#8211; au sens propre du terme &#8211; vous avez un contact concret avec un \u00e9diteur susceptible de donner une chance aux Chatons Philosophes, d&rsquo;autant que ma marque est \u00e9volutive et que d&rsquo;autres ouvrages sont en cours de r\u00e9daction, merci de me les communiquer \u00e0 leschatonsphilosophes@gmail.com<br><br>Vous pouvez aussi m&rsquo;adresser des mails \u00e0 cette adresse si vous souhaitez acheter les fascicules th\u00e9matiques. Malheureusement, les coffrets ne sont pas encore disponibles car le responsable de l&rsquo;\u00e9cole de graphisme nantaise auquel j&rsquo;ai confi\u00e9 &#8211; entre autres ! &#8211; sa fabrication n&rsquo;a pas respect\u00e9 ses nombreuses obligations (ce serait trop long \u00e0 vous les expliquer&#8230;).<br><br>Ce serait faire preuve de solidarit\u00e9, th\u00e9matique de la semaine du semainier Les Chatons Philosophes.<br><br>Il m&rsquo;a livr\u00e9 le site internet avec tellement de retards que je n&rsquo;ai pas pu faire la promotion \u00e9galement du semainier 2022 Les Chatons Philosophes qui est devenu obsol\u00e8te avant d&rsquo;avoir pu en vendre un seul exemplaire ! Je pr\u00e9pare une version 2023 mais qui sera beaucoup plus simple.<br><br>Pour les personnes habitant Paris et la proche banlieue, je suis \u00e0 votre disposition pour organiser \u00e0 votre domicile des ateliers \u00ab\u00a0philosophico-f\u00e9lins\u00a0\u00bb.<br><br>Je pr\u00e9pare des jeux \u00ab\u00a0philosophico-f\u00e9lins\u00a0\u00bb et je ne manquerai pas de vous en dire plus dans les mois prochains, si la marque Les Chatons Philosophes existe toujours (ce dont je doute fort !).<br><br>Je vous remercie pour votre attention.<br><br>Pour clore ce long message voici la pens\u00e9e du CHAT IMAGINAIRE extraite du semainier 2022 Les Chatons Philosophes :<br><br>Outre ma fid\u00e9lit\u00e9 \u00e0 l&rsquo;\u00e9gard de ma ma\u00eetresse, je cultive la solidarit\u00e9 et me fais un devoir d&rsquo;aider les autres.<\/p>\n","protected":false},"excerpt":{"rendered":"<p>Les Chatons Philosophes bonjour M\u00eame si j&rsquo;ai l&rsquo;impression d&rsquo;\u00eatre totalement invisible et plong\u00e9e dans un vide sid\u00e9ral car en d\u00e9pit de mes nombreuses publications quotidiennes, je ne re\u00e7ois jamais de retours, je continue \u00e0 vous offrir les \u00ab\u00a0cogitations\u00a0\u00bb des Chatons Philosophes sur Facebook et mon site Internet www.leschatonsphilosophes.com en esp\u00e9rant que celles-ci vous vous prodigueront [&hellip;]<\/p>\n","protected":false},"author":1,"featured_media":0,"comment_status":"open","ping_status":"open","sticky":false,"template":"","format":"standard","meta":[],"categories":[1],"tags":[],"yoast_head":"<!-- This site is optimized with the Yoast SEO plugin v19.7.1 - https:\/\/yoast.com\/wordpress\/plugins\/seo\/ -->\n<title>3 D\u00c9CEMBRE : LA PATTE DES CHATONS - Les chatons philosophes<\/title>\n<meta name=\"robots\" content=\"index, follow, max-snippet:-1, max-image-preview:large, max-video-preview:-1\" \/>\n<link rel=\"canonical\" href=\"https:\/\/www.leschatonsphilosophes.com\/index.php\/2022\/12\/03\/3-decembre-la-patte-des-chatons\/\" \/>\n<meta property=\"og:locale\" content=\"fr_FR\" \/>\n<meta property=\"og:type\" content=\"article\" \/>\n<meta property=\"og:title\" content=\"3 D\u00c9CEMBRE : LA PATTE DES CHATONS - Les chatons philosophes\" \/>\n<meta property=\"og:description\" content=\"Les Chatons Philosophes bonjour M\u00eame si j&rsquo;ai l&rsquo;impression d&rsquo;\u00eatre totalement invisible et plong\u00e9e dans un vide sid\u00e9ral car en d\u00e9pit de mes nombreuses publications quotidiennes, je ne re\u00e7ois jamais de retours, je continue \u00e0 vous offrir les \u00ab\u00a0cogitations\u00a0\u00bb des Chatons Philosophes sur Facebook et mon site Internet www.leschatonsphilosophes.com en esp\u00e9rant que celles-ci vous vous prodigueront [&hellip;]\" \/>\n<meta property=\"og:url\" content=\"https:\/\/www.leschatonsphilosophes.com\/index.php\/2022\/12\/03\/3-decembre-la-patte-des-chatons\/\" \/>\n<meta property=\"og:site_name\" content=\"Les chatons philosophes\" \/>\n<meta property=\"article:published_time\" content=\"2022-12-03T08:45:43+00:00\" \/>\n<meta property=\"article:modified_time\" content=\"2022-12-03T08:45:45+00:00\" \/>\n<meta name=\"author\" content=\"Christine\" \/>\n<meta name=\"twitter:card\" content=\"summary_large_image\" \/>\n<meta name=\"twitter:label1\" content=\"\u00c9crit par\" \/>\n\t<meta name=\"twitter:data1\" content=\"Christine\" \/>\n\t<meta name=\"twitter:label2\" content=\"Dur\u00e9e de lecture estim\u00e9e\" \/>\n\t<meta name=\"twitter:data2\" content=\"4 minutes\" \/>\n<script type=\"application\/ld+json\" class=\"yoast-schema-graph\">{\"@context\":\"https:\/\/schema.org\",\"@graph\":[{\"@type\":\"Article\",\"@id\":\"https:\/\/www.leschatonsphilosophes.com\/index.php\/2022\/12\/03\/3-decembre-la-patte-des-chatons\/#article\",\"isPartOf\":{\"@id\":\"https:\/\/www.leschatonsphilosophes.com\/index.php\/2022\/12\/03\/3-decembre-la-patte-des-chatons\/\"},\"author\":{\"name\":\"Christine\",\"@id\":\"https:\/\/www.leschatonsphilosophes.com\/#\/schema\/person\/4e417a454dca85af0032eaba20d84675\"},\"headline\":\"3 D\u00c9CEMBRE : LA PATTE DES CHATONS\",\"datePublished\":\"2022-12-03T08:45:43+00:00\",\"dateModified\":\"2022-12-03T08:45:45+00:00\",\"mainEntityOfPage\":{\"@id\":\"https:\/\/www.leschatonsphilosophes.com\/index.php\/2022\/12\/03\/3-decembre-la-patte-des-chatons\/\"},\"wordCount\":737,\"commentCount\":0,\"publisher\":{\"@id\":\"https:\/\/www.leschatonsphilosophes.com\/#organization\"},\"inLanguage\":\"fr-FR\",\"potentialAction\":[{\"@type\":\"CommentAction\",\"name\":\"Comment\",\"target\":[\"https:\/\/www.leschatonsphilosophes.com\/index.php\/2022\/12\/03\/3-decembre-la-patte-des-chatons\/#respond\"]}]},{\"@type\":\"WebPage\",\"@id\":\"https:\/\/www.leschatonsphilosophes.com\/index.php\/2022\/12\/03\/3-decembre-la-patte-des-chatons\/\",\"url\":\"https:\/\/www.leschatonsphilosophes.com\/index.php\/2022\/12\/03\/3-decembre-la-patte-des-chatons\/\",\"name\":\"3 D\u00c9CEMBRE : LA PATTE DES CHATONS - Les chatons philosophes\",\"isPartOf\":{\"@id\":\"https:\/\/www.leschatonsphilosophes.com\/#website\"},\"datePublished\":\"2022-12-03T08:45:43+00:00\",\"dateModified\":\"2022-12-03T08:45:45+00:00\",\"breadcrumb\":{\"@id\":\"https:\/\/www.leschatonsphilosophes.com\/index.php\/2022\/12\/03\/3-decembre-la-patte-des-chatons\/#breadcrumb\"},\"inLanguage\":\"fr-FR\",\"potentialAction\":[{\"@type\":\"ReadAction\",\"target\":[\"https:\/\/www.leschatonsphilosophes.com\/index.php\/2022\/12\/03\/3-decembre-la-patte-des-chatons\/\"]}]},{\"@type\":\"BreadcrumbList\",\"@id\":\"https:\/\/www.leschatonsphilosophes.com\/index.php\/2022\/12\/03\/3-decembre-la-patte-des-chatons\/#breadcrumb\",\"itemListElement\":[{\"@type\":\"ListItem\",\"position\":1,\"name\":\"Accueil\",\"item\":\"https:\/\/www.leschatonsphilosophes.com\/\"},{\"@type\":\"ListItem\",\"position\":2,\"name\":\"3 D\u00c9CEMBRE : LA PATTE DES CHATONS\"}]},{\"@type\":\"WebSite\",\"@id\":\"https:\/\/www.leschatonsphilosophes.com\/#website\",\"url\":\"https:\/\/www.leschatonsphilosophes.com\/\",\"name\":\"Les chatons philosophes\",\"description\":\"\",\"publisher\":{\"@id\":\"https:\/\/www.leschatonsphilosophes.com\/#organization\"},\"potentialAction\":[{\"@type\":\"SearchAction\",\"target\":{\"@type\":\"EntryPoint\",\"urlTemplate\":\"https:\/\/www.leschatonsphilosophes.com\/?s={search_term_string}\"},\"query-input\":\"required name=search_term_string\"}],\"inLanguage\":\"fr-FR\"},{\"@type\":\"Organization\",\"@id\":\"https:\/\/www.leschatonsphilosophes.com\/#organization\",\"name\":\"Les chatons philosophes\",\"url\":\"https:\/\/www.leschatonsphilosophes.com\/\",\"sameAs\":[],\"logo\":{\"@type\":\"ImageObject\",\"inLanguage\":\"fr-FR\",\"@id\":\"https:\/\/www.leschatonsphilosophes.com\/#\/schema\/logo\/image\/\",\"url\":\"https:\/\/www.leschatonsphilosophes.com\/wp-content\/uploads\/2022\/04\/chatons.jpg\",\"contentUrl\":\"https:\/\/www.leschatonsphilosophes.com\/wp-content\/uploads\/2022\/04\/chatons.jpg\",\"width\":1905,\"height\":361,\"caption\":\"Les chatons philosophes\"},\"image\":{\"@id\":\"https:\/\/www.leschatonsphilosophes.com\/#\/schema\/logo\/image\/\"}},{\"@type\":\"Person\",\"@id\":\"https:\/\/www.leschatonsphilosophes.com\/#\/schema\/person\/4e417a454dca85af0032eaba20d84675\",\"name\":\"Christine\",\"image\":{\"@type\":\"ImageObject\",\"inLanguage\":\"fr-FR\",\"@id\":\"https:\/\/www.leschatonsphilosophes.com\/#\/schema\/person\/image\/\",\"url\":\"https:\/\/secure.gravatar.com\/avatar\/62f3f09883f1047005c692cdd418e7c5?s=96&d=mm&r=g\",\"contentUrl\":\"https:\/\/secure.gravatar.com\/avatar\/62f3f09883f1047005c692cdd418e7c5?s=96&d=mm&r=g\",\"caption\":\"Christine\"},\"description\":\"En 2019, j'ai d\u00e9pos\u00e9 \u00e0 l'INPI la marque Les Chatons Philosophes. Sa mission : initier les enfants (6-12 ans) \u00e0 la philosophie de fa\u00e7on participative, sans oublier la complexit\u00e9 de la pens\u00e9e et de la r\u00e9flexion. J'ai r\u00e9dig\u00e9 les supports suivants : - 5 fascicules th\u00e9matiques Qu'est-ce que ? La philosophie ? La libert\u00e9 ? La justice ? La nature ? Le bonheur ? Chaque fascicule pr\u00e9sente une vue g\u00e9n\u00e9rale de la th\u00e9matique de l'Antiquit\u00e9 au vingti\u00e8me si\u00e8cle. Des philosophes majeurs des \u00e9poques concern\u00e9es exposent leur point de vue. L'ouvrage est \u00e9maill\u00e9 d'expressions philosophiques compliqu\u00e9es mais expliqu\u00e9es simplement. Leur originalit\u00e9 : + ils sont volontairement difficiles au niveau du sens mais faciles au niveau de la lecture. Par cons\u00e9quent, m\u00eame un jeune enfant peut les lire avec plaisir, sans \u00eatre rebut\u00e9. + le style est vivant. Les textes sont pr\u00e9sent\u00e9s sous forme de dialogues entre les Chatons Philosophes : ils interrogent les philosophes, r\u00e9agissent \u00e0 leurs propos et se questionnent. + \u00e0 la fin de chaque fascicule, l\u2019enfant est amen\u00e9 \u00e0 s\u2019exprimer et \u00e0 devenir un vrai petit philosophe : * la rubrique Les Chatons Philosophes s\u2019interrogent lui propose de rechercher dans le texte les mots\/expressions difficiles. Parall\u00e8lement, elle l\u2019invite \u00e0 poursuivre sa r\u00e9flexion et \u00e0 se demander comment il peut appliquer concr\u00e8tement ces id\u00e9es dans son quotidien. * la rubrique Pour terminer l\u2019atelier philo am\u00e8ne l\u2019enfant \u00e0 verbaliser : En un mot (la libert\u00e9\u2026), pour toi, c\u2019est\u2026. En une phrase (la libert\u00e9\u2026) pour toi, c\u2019est\u2026 * le dicton des Chatons Philosophes termine la lecture. - 1 semainier 2022 les Chatons Philosophes. Chaque semaine, une th\u00e9matique par ordre alphab\u00e9tique - L'Amiti\u00e9, L'amour... - et chaque jour un chat d'\u00e9crivain, de peintre, de musicien\u2026, alternant avec le Chat Myst\u00e8re\/le Chat Imaginaire donne son avis. Un espace Tes Notes est r\u00e9serv\u00e9 \u00e0 l'enfant pour qu'il note ses pens\u00e9es et poursuive sa r\u00e9flexion. Parall\u00e8lement, j'anime des ateliers en \\\"pr\u00e9sentiel\\\" principalement au domicile de parents (Paris et proche banlieue) et con\u00e7ois des jeux philosophiques.\",\"sameAs\":[\"http:\/\/www.leschatonsphilosophes.com\"],\"url\":\"https:\/\/www.leschatonsphilosophes.com\/index.php\/author\/admin7290\/\"}]}<\/script>\n<!-- \/ Yoast SEO plugin. -->","yoast_head_json":{"title":"3 D\u00c9CEMBRE : LA PATTE DES CHATONS - Les chatons philosophes","robots":{"index":"index","follow":"follow","max-snippet":"max-snippet:-1","max-image-preview":"max-image-preview:large","max-video-preview":"max-video-preview:-1"},"canonical":"https:\/\/www.leschatonsphilosophes.com\/index.php\/2022\/12\/03\/3-decembre-la-patte-des-chatons\/","og_locale":"fr_FR","og_type":"article","og_title":"3 D\u00c9CEMBRE : LA PATTE DES CHATONS - Les chatons philosophes","og_description":"Les Chatons Philosophes bonjour M\u00eame si j&rsquo;ai l&rsquo;impression d&rsquo;\u00eatre totalement invisible et plong\u00e9e dans un vide sid\u00e9ral car en d\u00e9pit de mes nombreuses publications quotidiennes, je ne re\u00e7ois jamais de retours, je continue \u00e0 vous offrir les \u00ab\u00a0cogitations\u00a0\u00bb des Chatons Philosophes sur Facebook et mon site Internet www.leschatonsphilosophes.com en esp\u00e9rant que celles-ci vous vous prodigueront [&hellip;]","og_url":"https:\/\/www.leschatonsphilosophes.com\/index.php\/2022\/12\/03\/3-decembre-la-patte-des-chatons\/","og_site_name":"Les chatons philosophes","article_published_time":"2022-12-03T08:45:43+00:00","article_modified_time":"2022-12-03T08:45:45+00:00","author":"Christine","twitter_card":"summary_large_image","twitter_misc":{"\u00c9crit par":"Christine","Dur\u00e9e de lecture estim\u00e9e":"4 minutes"},"schema":{"@context":"https:\/\/schema.org","@graph":[{"@type":"Article","@id":"https:\/\/www.leschatonsphilosophes.com\/index.php\/2022\/12\/03\/3-decembre-la-patte-des-chatons\/#article","isPartOf":{"@id":"https:\/\/www.leschatonsphilosophes.com\/index.php\/2022\/12\/03\/3-decembre-la-patte-des-chatons\/"},"author":{"name":"Christine","@id":"https:\/\/www.leschatonsphilosophes.com\/#\/schema\/person\/4e417a454dca85af0032eaba20d84675"},"headline":"3 D\u00c9CEMBRE : LA PATTE DES CHATONS","datePublished":"2022-12-03T08:45:43+00:00","dateModified":"2022-12-03T08:45:45+00:00","mainEntityOfPage":{"@id":"https:\/\/www.leschatonsphilosophes.com\/index.php\/2022\/12\/03\/3-decembre-la-patte-des-chatons\/"},"wordCount":737,"commentCount":0,"publisher":{"@id":"https:\/\/www.leschatonsphilosophes.com\/#organization"},"inLanguage":"fr-FR","potentialAction":[{"@type":"CommentAction","name":"Comment","target":["https:\/\/www.leschatonsphilosophes.com\/index.php\/2022\/12\/03\/3-decembre-la-patte-des-chatons\/#respond"]}]},{"@type":"WebPage","@id":"https:\/\/www.leschatonsphilosophes.com\/index.php\/2022\/12\/03\/3-decembre-la-patte-des-chatons\/","url":"https:\/\/www.leschatonsphilosophes.com\/index.php\/2022\/12\/03\/3-decembre-la-patte-des-chatons\/","name":"3 D\u00c9CEMBRE : LA PATTE DES CHATONS - Les chatons philosophes","isPartOf":{"@id":"https:\/\/www.leschatonsphilosophes.com\/#website"},"datePublished":"2022-12-03T08:45:43+00:00","dateModified":"2022-12-03T08:45:45+00:00","breadcrumb":{"@id":"https:\/\/www.leschatonsphilosophes.com\/index.php\/2022\/12\/03\/3-decembre-la-patte-des-chatons\/#breadcrumb"},"inLanguage":"fr-FR","potentialAction":[{"@type":"ReadAction","target":["https:\/\/www.leschatonsphilosophes.com\/index.php\/2022\/12\/03\/3-decembre-la-patte-des-chatons\/"]}]},{"@type":"BreadcrumbList","@id":"https:\/\/www.leschatonsphilosophes.com\/index.php\/2022\/12\/03\/3-decembre-la-patte-des-chatons\/#breadcrumb","itemListElement":[{"@type":"ListItem","position":1,"name":"Accueil","item":"https:\/\/www.leschatonsphilosophes.com\/"},{"@type":"ListItem","position":2,"name":"3 D\u00c9CEMBRE : LA PATTE DES CHATONS"}]},{"@type":"WebSite","@id":"https:\/\/www.leschatonsphilosophes.com\/#website","url":"https:\/\/www.leschatonsphilosophes.com\/","name":"Les chatons philosophes","description":"","publisher":{"@id":"https:\/\/www.leschatonsphilosophes.com\/#organization"},"potentialAction":[{"@type":"SearchAction","target":{"@type":"EntryPoint","urlTemplate":"https:\/\/www.leschatonsphilosophes.com\/?s={search_term_string}"},"query-input":"required name=search_term_string"}],"inLanguage":"fr-FR"},{"@type":"Organization","@id":"https:\/\/www.leschatonsphilosophes.com\/#organization","name":"Les chatons philosophes","url":"https:\/\/www.leschatonsphilosophes.com\/","sameAs":[],"logo":{"@type":"ImageObject","inLanguage":"fr-FR","@id":"https:\/\/www.leschatonsphilosophes.com\/#\/schema\/logo\/image\/","url":"https:\/\/www.leschatonsphilosophes.com\/wp-content\/uploads\/2022\/04\/chatons.jpg","contentUrl":"https:\/\/www.leschatonsphilosophes.com\/wp-content\/uploads\/2022\/04\/chatons.jpg","width":1905,"height":361,"caption":"Les chatons philosophes"},"image":{"@id":"https:\/\/www.leschatonsphilosophes.com\/#\/schema\/logo\/image\/"}},{"@type":"Person","@id":"https:\/\/www.leschatonsphilosophes.com\/#\/schema\/person\/4e417a454dca85af0032eaba20d84675","name":"Christine","image":{"@type":"ImageObject","inLanguage":"fr-FR","@id":"https:\/\/www.leschatonsphilosophes.com\/#\/schema\/person\/image\/","url":"https:\/\/secure.gravatar.com\/avatar\/62f3f09883f1047005c692cdd418e7c5?s=96&d=mm&r=g","contentUrl":"https:\/\/secure.gravatar.com\/avatar\/62f3f09883f1047005c692cdd418e7c5?s=96&d=mm&r=g","caption":"Christine"},"description":"En 2019, j'ai d\u00e9pos\u00e9 \u00e0 l'INPI la marque Les Chatons Philosophes. Sa mission : initier les enfants (6-12 ans) \u00e0 la philosophie de fa\u00e7on participative, sans oublier la complexit\u00e9 de la pens\u00e9e et de la r\u00e9flexion. J'ai r\u00e9dig\u00e9 les supports suivants : - 5 fascicules th\u00e9matiques Qu'est-ce que ? La philosophie ? La libert\u00e9 ? La justice ? La nature ? Le bonheur ? Chaque fascicule pr\u00e9sente une vue g\u00e9n\u00e9rale de la th\u00e9matique de l'Antiquit\u00e9 au vingti\u00e8me si\u00e8cle. Des philosophes majeurs des \u00e9poques concern\u00e9es exposent leur point de vue. L'ouvrage est \u00e9maill\u00e9 d'expressions philosophiques compliqu\u00e9es mais expliqu\u00e9es simplement. Leur originalit\u00e9 : + ils sont volontairement difficiles au niveau du sens mais faciles au niveau de la lecture. Par cons\u00e9quent, m\u00eame un jeune enfant peut les lire avec plaisir, sans \u00eatre rebut\u00e9. + le style est vivant. Les textes sont pr\u00e9sent\u00e9s sous forme de dialogues entre les Chatons Philosophes : ils interrogent les philosophes, r\u00e9agissent \u00e0 leurs propos et se questionnent. + \u00e0 la fin de chaque fascicule, l\u2019enfant est amen\u00e9 \u00e0 s\u2019exprimer et \u00e0 devenir un vrai petit philosophe : * la rubrique Les Chatons Philosophes s\u2019interrogent lui propose de rechercher dans le texte les mots\/expressions difficiles. Parall\u00e8lement, elle l\u2019invite \u00e0 poursuivre sa r\u00e9flexion et \u00e0 se demander comment il peut appliquer concr\u00e8tement ces id\u00e9es dans son quotidien. * la rubrique Pour terminer l\u2019atelier philo am\u00e8ne l\u2019enfant \u00e0 verbaliser : En un mot (la libert\u00e9\u2026), pour toi, c\u2019est\u2026. En une phrase (la libert\u00e9\u2026) pour toi, c\u2019est\u2026 * le dicton des Chatons Philosophes termine la lecture. - 1 semainier 2022 les Chatons Philosophes. Chaque semaine, une th\u00e9matique par ordre alphab\u00e9tique - L'Amiti\u00e9, L'amour... - et chaque jour un chat d'\u00e9crivain, de peintre, de musicien\u2026, alternant avec le Chat Myst\u00e8re\/le Chat Imaginaire donne son avis. Un espace Tes Notes est r\u00e9serv\u00e9 \u00e0 l'enfant pour qu'il note ses pens\u00e9es et poursuive sa r\u00e9flexion. Parall\u00e8lement, j'anime des ateliers en \"pr\u00e9sentiel\" principalement au domicile de parents (Paris et proche banlieue) et con\u00e7ois des jeux philosophiques.","sameAs":["http:\/\/www.leschatonsphilosophes.com"],"url":"https:\/\/www.leschatonsphilosophes.com\/index.php\/author\/admin7290\/"}]}},"_links":{"self":[{"href":"https:\/\/www.leschatonsphilosophes.com\/index.php\/wp-json\/wp\/v2\/posts\/712"}],"collection":[{"href":"https:\/\/www.leschatonsphilosophes.com\/index.php\/wp-json\/wp\/v2\/posts"}],"about":[{"href":"https:\/\/www.leschatonsphilosophes.com\/index.php\/wp-json\/wp\/v2\/types\/post"}],"author":[{"embeddable":true,"href":"https:\/\/www.leschatonsphilosophes.com\/index.php\/wp-json\/wp\/v2\/users\/1"}],"replies":[{"embeddable":true,"href":"https:\/\/www.leschatonsphilosophes.com\/index.php\/wp-json\/wp\/v2\/comments?post=712"}],"version-history":[{"count":1,"href":"https:\/\/www.leschatonsphilosophes.com\/index.php\/wp-json\/wp\/v2\/posts\/712\/revisions"}],"predecessor-version":[{"id":713,"href":"https:\/\/www.leschatonsphilosophes.com\/index.php\/wp-json\/wp\/v2\/posts\/712\/revisions\/713"}],"wp:attachment":[{"href":"https:\/\/www.leschatonsphilosophes.com\/index.php\/wp-json\/wp\/v2\/media?parent=712"}],"wp:term":[{"taxonomy":"category","embeddable":true,"href":"https:\/\/www.leschatonsphilosophes.com\/index.php\/wp-json\/wp\/v2\/categories?post=712"},{"taxonomy":"post_tag","embeddable":true,"href":"https:\/\/www.leschatonsphilosophes.com\/index.php\/wp-json\/wp\/v2\/tags?post=712"}],"curies":[{"name":"wp","href":"https:\/\/api.w.org\/{rel}","templated":true}]}}