{"id":726,"date":"2022-12-10T08:34:05","date_gmt":"2022-12-10T07:34:05","guid":{"rendered":"https:\/\/www.leschatonsphilosophes.com\/?p=726"},"modified":"2022-12-10T08:34:07","modified_gmt":"2022-12-10T07:34:07","slug":"10-decembre-la-patte-des-chatons","status":"publish","type":"post","link":"https:\/\/www.leschatonsphilosophes.com\/index.php\/2022\/12\/10\/10-decembre-la-patte-des-chatons\/","title":{"rendered":"10 D\u00c9CEMBRE : LA PATTE DES CHATONS"},"content":{"rendered":"\n<p>Nous vous proposons de passer la semaine en d\u00e9couvrant la th\u00e9matique suivante :<\/p>\n\n\n\n<p>&nbsp;&nbsp;&nbsp;&nbsp;&nbsp;&nbsp;&nbsp;&nbsp;&nbsp;&nbsp;&nbsp;&nbsp;&nbsp;&nbsp;&nbsp;&nbsp;&nbsp;&nbsp;&nbsp;&nbsp;&nbsp;&nbsp;&nbsp;&nbsp;&nbsp;&nbsp;&nbsp;&nbsp;&nbsp;&nbsp;&nbsp;&nbsp;&nbsp;&nbsp;&nbsp;&nbsp;&nbsp; &nbsp;&nbsp;&nbsp;&nbsp;&nbsp;&nbsp;&nbsp;&nbsp;&nbsp;&nbsp;&nbsp;&nbsp;&nbsp;&nbsp;&nbsp;&nbsp;&nbsp;&nbsp;&nbsp;&nbsp;&nbsp;&nbsp;&nbsp;&nbsp;&nbsp;&nbsp;&nbsp;&nbsp;<strong>LE TEMPS.<\/strong><\/p>\n\n\n\n<p>Pour vous accompagner toute la journ\u00e9e, &nbsp;je vous propose dor\u00e9navant deux axes de r\u00e9flexion.<\/p>\n\n\n\n<p><strong>LE PREMIER&nbsp;:<\/strong> <strong>LA PENS\u00c9E DU CHAT MYST\u00c8RE<\/strong> issue du <strong>SEMAINIER 2022 LES CHATONS PHILOSOPHES<\/strong><strong> <\/strong><strong><\/strong><\/p>\n\n\n\n<p>Plongez dans la lecture au point de perdre la notion du temps qui passe.<\/p>\n\n\n\n<p>Pour tous les amoureux de la lecture, petits et grands, nous avons tous connu cette sensation fantastique d\u2019\u00eatre totalement submerg\u00e9 par l\u2019histoire que nous lisons au point d\u2019oublier les heures qui d\u00e9filent et d\u2019en \u00e9merger avec regret une fois celle-ci termin\u00e9e.<\/p>\n\n\n\n<p>Quel livre vous a procur\u00e9 de telles \u00e9motions\u00a0? Pour quelles raisons\u00a0? Notez-les dans votre journal intime ou organisez une soir\u00e9e entre amis pour \u00e9changer vos impressions\u2026. et laissez-vous transporter\u2026 au point de perdre la notion du temps qui passe\u2026.<\/p>\n\n\n\n<p>                                                        <strong>ET VOUS, QUE FAITES-VOUS\u00a0?<\/strong><\/p>\n\n\n\n<p><strong>Pour ceux et celles qui ont la gentillesse de me suivre sur mes pages Facebook<\/strong><\/p>\n\n\n\n<p>                                         <strong>LES CHATONS PHILOSOPHES et personnelle,<\/strong><\/p>\n\n\n\n<p class=\"has-text-align-center\"><strong>particuli\u00e8rement en cette p\u00e9riode de f\u00eates<\/strong><\/p>\n\n\n\n<p class=\"has-text-align-center\"><strong>sous les auspices du PARTAGE ET DE LA COMPASSION,<\/strong><\/p>\n\n\n\n<p><strong>UNE V\u00c9RITABLE ACTION DE BIENVEILLANCE DE VOTRE PART serait de<\/strong> <strong>DONNER DE LA VISIBILIT\u00c9 AUX CHATONS PHILOSOPHES<\/strong> <strong>de plusieurs fa\u00e7ons\u00a0:<\/strong><\/p>\n\n\n\n<ol type=\"1\"><li><strong>Relayer l\u2019existence du site <\/strong><a href=\"http:\/\/www.leschatons.philosophes\"><strong>www.leschatons.philosophes<\/strong><\/a><strong> le plus largement possible dans votre entourage professionnel et personnel.<\/strong><\/li><li><strong>Acheter les fascicules th\u00e9matiques. Malheureusement, le semainier 2022 n\u2019est plus d\u2019actualit\u00e9 et la version 2023 est en pr\u00e9paration, sous une forme plus simple, faute de moyens financiers\u00a0! Vos commandes me permettraient de continuer \u00e0 faire vivre LES CHATONS PHILOSOPHES. Sinon, ces derniers risquent de dispara\u00eetre en 2023.<\/strong><\/li><li><strong>Si vous avez un contact concret avec un \u00e9diteur jeunesse\/chats souhaitant sortir des lignes \u00e9ditoriales classiques pour m\u2019\u00e9diter, votre acte de solidarit\u00e9 serait de lui parler des CHATONS PHILOSOPHES pour qu\u2019enfin ces derniers puissent VRAIMENT EXISTER\u00a0! <\/strong><\/li><\/ol>\n\n\n\n<p><\/p>\n","protected":false},"excerpt":{"rendered":"<p>Nous vous proposons de passer la semaine en d\u00e9couvrant la th\u00e9matique suivante : &nbsp;&nbsp;&nbsp;&nbsp;&nbsp;&nbsp;&nbsp;&nbsp;&nbsp;&nbsp;&nbsp;&nbsp;&nbsp;&nbsp;&nbsp;&nbsp;&nbsp;&nbsp;&nbsp;&nbsp;&nbsp;&nbsp;&nbsp;&nbsp;&nbsp;&nbsp;&nbsp;&nbsp;&nbsp;&nbsp;&nbsp;&nbsp;&nbsp;&nbsp;&nbsp;&nbsp;&nbsp; &nbsp;&nbsp;&nbsp;&nbsp;&nbsp;&nbsp;&nbsp;&nbsp;&nbsp;&nbsp;&nbsp;&nbsp;&nbsp;&nbsp;&nbsp;&nbsp;&nbsp;&nbsp;&nbsp;&nbsp;&nbsp;&nbsp;&nbsp;&nbsp;&nbsp;&nbsp;&nbsp;&nbsp;LE TEMPS. Pour vous accompagner toute la journ\u00e9e, &nbsp;je vous propose dor\u00e9navant deux axes de r\u00e9flexion. LE PREMIER&nbsp;: LA PENS\u00c9E DU CHAT MYST\u00c8RE issue du SEMAINIER 2022 LES CHATONS PHILOSOPHES Plongez dans la lecture au point de perdre la notion du [&hellip;]<\/p>\n","protected":false},"author":1,"featured_media":0,"comment_status":"open","ping_status":"open","sticky":false,"template":"","format":"standard","meta":[],"categories":[1],"tags":[],"yoast_head":"<!-- This site is optimized with the Yoast SEO plugin v19.7.1 - https:\/\/yoast.com\/wordpress\/plugins\/seo\/ -->\n<title>10 D\u00c9CEMBRE : LA PATTE DES CHATONS - Les chatons philosophes<\/title>\n<meta name=\"robots\" content=\"index, follow, max-snippet:-1, max-image-preview:large, max-video-preview:-1\" \/>\n<link rel=\"canonical\" href=\"https:\/\/www.leschatonsphilosophes.com\/index.php\/2022\/12\/10\/10-decembre-la-patte-des-chatons\/\" \/>\n<meta property=\"og:locale\" content=\"fr_FR\" \/>\n<meta property=\"og:type\" content=\"article\" \/>\n<meta property=\"og:title\" content=\"10 D\u00c9CEMBRE : LA PATTE DES CHATONS - Les chatons philosophes\" \/>\n<meta property=\"og:description\" content=\"Nous vous proposons de passer la semaine en d\u00e9couvrant la th\u00e9matique suivante : &nbsp;&nbsp;&nbsp;&nbsp;&nbsp;&nbsp;&nbsp;&nbsp;&nbsp;&nbsp;&nbsp;&nbsp;&nbsp;&nbsp;&nbsp;&nbsp;&nbsp;&nbsp;&nbsp;&nbsp;&nbsp;&nbsp;&nbsp;&nbsp;&nbsp;&nbsp;&nbsp;&nbsp;&nbsp;&nbsp;&nbsp;&nbsp;&nbsp;&nbsp;&nbsp;&nbsp;&nbsp; &nbsp;&nbsp;&nbsp;&nbsp;&nbsp;&nbsp;&nbsp;&nbsp;&nbsp;&nbsp;&nbsp;&nbsp;&nbsp;&nbsp;&nbsp;&nbsp;&nbsp;&nbsp;&nbsp;&nbsp;&nbsp;&nbsp;&nbsp;&nbsp;&nbsp;&nbsp;&nbsp;&nbsp;LE TEMPS. Pour vous accompagner toute la journ\u00e9e, &nbsp;je vous propose dor\u00e9navant deux axes de r\u00e9flexion. LE PREMIER&nbsp;: LA PENS\u00c9E DU CHAT MYST\u00c8RE issue du SEMAINIER 2022 LES CHATONS PHILOSOPHES Plongez dans la lecture au point de perdre la notion du [&hellip;]\" \/>\n<meta property=\"og:url\" content=\"https:\/\/www.leschatonsphilosophes.com\/index.php\/2022\/12\/10\/10-decembre-la-patte-des-chatons\/\" \/>\n<meta property=\"og:site_name\" content=\"Les chatons philosophes\" \/>\n<meta property=\"article:published_time\" content=\"2022-12-10T07:34:05+00:00\" \/>\n<meta property=\"article:modified_time\" content=\"2022-12-10T07:34:07+00:00\" \/>\n<meta name=\"author\" content=\"Christine\" \/>\n<meta name=\"twitter:card\" content=\"summary_large_image\" \/>\n<meta name=\"twitter:label1\" content=\"\u00c9crit par\" \/>\n\t<meta name=\"twitter:data1\" content=\"Christine\" \/>\n\t<meta name=\"twitter:label2\" content=\"Dur\u00e9e de lecture estim\u00e9e\" \/>\n\t<meta name=\"twitter:data2\" content=\"2 minutes\" \/>\n<script type=\"application\/ld+json\" class=\"yoast-schema-graph\">{\"@context\":\"https:\/\/schema.org\",\"@graph\":[{\"@type\":\"Article\",\"@id\":\"https:\/\/www.leschatonsphilosophes.com\/index.php\/2022\/12\/10\/10-decembre-la-patte-des-chatons\/#article\",\"isPartOf\":{\"@id\":\"https:\/\/www.leschatonsphilosophes.com\/index.php\/2022\/12\/10\/10-decembre-la-patte-des-chatons\/\"},\"author\":{\"name\":\"Christine\",\"@id\":\"https:\/\/www.leschatonsphilosophes.com\/#\/schema\/person\/4e417a454dca85af0032eaba20d84675\"},\"headline\":\"10 D\u00c9CEMBRE : LA PATTE DES CHATONS\",\"datePublished\":\"2022-12-10T07:34:05+00:00\",\"dateModified\":\"2022-12-10T07:34:07+00:00\",\"mainEntityOfPage\":{\"@id\":\"https:\/\/www.leschatonsphilosophes.com\/index.php\/2022\/12\/10\/10-decembre-la-patte-des-chatons\/\"},\"wordCount\":391,\"commentCount\":0,\"publisher\":{\"@id\":\"https:\/\/www.leschatonsphilosophes.com\/#organization\"},\"inLanguage\":\"fr-FR\",\"potentialAction\":[{\"@type\":\"CommentAction\",\"name\":\"Comment\",\"target\":[\"https:\/\/www.leschatonsphilosophes.com\/index.php\/2022\/12\/10\/10-decembre-la-patte-des-chatons\/#respond\"]}]},{\"@type\":\"WebPage\",\"@id\":\"https:\/\/www.leschatonsphilosophes.com\/index.php\/2022\/12\/10\/10-decembre-la-patte-des-chatons\/\",\"url\":\"https:\/\/www.leschatonsphilosophes.com\/index.php\/2022\/12\/10\/10-decembre-la-patte-des-chatons\/\",\"name\":\"10 D\u00c9CEMBRE : LA PATTE DES CHATONS - Les chatons philosophes\",\"isPartOf\":{\"@id\":\"https:\/\/www.leschatonsphilosophes.com\/#website\"},\"datePublished\":\"2022-12-10T07:34:05+00:00\",\"dateModified\":\"2022-12-10T07:34:07+00:00\",\"breadcrumb\":{\"@id\":\"https:\/\/www.leschatonsphilosophes.com\/index.php\/2022\/12\/10\/10-decembre-la-patte-des-chatons\/#breadcrumb\"},\"inLanguage\":\"fr-FR\",\"potentialAction\":[{\"@type\":\"ReadAction\",\"target\":[\"https:\/\/www.leschatonsphilosophes.com\/index.php\/2022\/12\/10\/10-decembre-la-patte-des-chatons\/\"]}]},{\"@type\":\"BreadcrumbList\",\"@id\":\"https:\/\/www.leschatonsphilosophes.com\/index.php\/2022\/12\/10\/10-decembre-la-patte-des-chatons\/#breadcrumb\",\"itemListElement\":[{\"@type\":\"ListItem\",\"position\":1,\"name\":\"Accueil\",\"item\":\"https:\/\/www.leschatonsphilosophes.com\/\"},{\"@type\":\"ListItem\",\"position\":2,\"name\":\"10 D\u00c9CEMBRE : LA PATTE DES CHATONS\"}]},{\"@type\":\"WebSite\",\"@id\":\"https:\/\/www.leschatonsphilosophes.com\/#website\",\"url\":\"https:\/\/www.leschatonsphilosophes.com\/\",\"name\":\"Les chatons philosophes\",\"description\":\"\",\"publisher\":{\"@id\":\"https:\/\/www.leschatonsphilosophes.com\/#organization\"},\"potentialAction\":[{\"@type\":\"SearchAction\",\"target\":{\"@type\":\"EntryPoint\",\"urlTemplate\":\"https:\/\/www.leschatonsphilosophes.com\/?s={search_term_string}\"},\"query-input\":\"required name=search_term_string\"}],\"inLanguage\":\"fr-FR\"},{\"@type\":\"Organization\",\"@id\":\"https:\/\/www.leschatonsphilosophes.com\/#organization\",\"name\":\"Les chatons philosophes\",\"url\":\"https:\/\/www.leschatonsphilosophes.com\/\",\"sameAs\":[],\"logo\":{\"@type\":\"ImageObject\",\"inLanguage\":\"fr-FR\",\"@id\":\"https:\/\/www.leschatonsphilosophes.com\/#\/schema\/logo\/image\/\",\"url\":\"https:\/\/www.leschatonsphilosophes.com\/wp-content\/uploads\/2022\/04\/chatons.jpg\",\"contentUrl\":\"https:\/\/www.leschatonsphilosophes.com\/wp-content\/uploads\/2022\/04\/chatons.jpg\",\"width\":1905,\"height\":361,\"caption\":\"Les chatons philosophes\"},\"image\":{\"@id\":\"https:\/\/www.leschatonsphilosophes.com\/#\/schema\/logo\/image\/\"}},{\"@type\":\"Person\",\"@id\":\"https:\/\/www.leschatonsphilosophes.com\/#\/schema\/person\/4e417a454dca85af0032eaba20d84675\",\"name\":\"Christine\",\"image\":{\"@type\":\"ImageObject\",\"inLanguage\":\"fr-FR\",\"@id\":\"https:\/\/www.leschatonsphilosophes.com\/#\/schema\/person\/image\/\",\"url\":\"https:\/\/secure.gravatar.com\/avatar\/62f3f09883f1047005c692cdd418e7c5?s=96&d=mm&r=g\",\"contentUrl\":\"https:\/\/secure.gravatar.com\/avatar\/62f3f09883f1047005c692cdd418e7c5?s=96&d=mm&r=g\",\"caption\":\"Christine\"},\"description\":\"En 2019, j'ai d\u00e9pos\u00e9 \u00e0 l'INPI la marque Les Chatons Philosophes. Sa mission : initier les enfants (6-12 ans) \u00e0 la philosophie de fa\u00e7on participative, sans oublier la complexit\u00e9 de la pens\u00e9e et de la r\u00e9flexion. J'ai r\u00e9dig\u00e9 les supports suivants : - 5 fascicules th\u00e9matiques Qu'est-ce que ? La philosophie ? La libert\u00e9 ? La justice ? La nature ? Le bonheur ? Chaque fascicule pr\u00e9sente une vue g\u00e9n\u00e9rale de la th\u00e9matique de l'Antiquit\u00e9 au vingti\u00e8me si\u00e8cle. Des philosophes majeurs des \u00e9poques concern\u00e9es exposent leur point de vue. L'ouvrage est \u00e9maill\u00e9 d'expressions philosophiques compliqu\u00e9es mais expliqu\u00e9es simplement. Leur originalit\u00e9 : + ils sont volontairement difficiles au niveau du sens mais faciles au niveau de la lecture. Par cons\u00e9quent, m\u00eame un jeune enfant peut les lire avec plaisir, sans \u00eatre rebut\u00e9. + le style est vivant. Les textes sont pr\u00e9sent\u00e9s sous forme de dialogues entre les Chatons Philosophes : ils interrogent les philosophes, r\u00e9agissent \u00e0 leurs propos et se questionnent. + \u00e0 la fin de chaque fascicule, l\u2019enfant est amen\u00e9 \u00e0 s\u2019exprimer et \u00e0 devenir un vrai petit philosophe : * la rubrique Les Chatons Philosophes s\u2019interrogent lui propose de rechercher dans le texte les mots\/expressions difficiles. Parall\u00e8lement, elle l\u2019invite \u00e0 poursuivre sa r\u00e9flexion et \u00e0 se demander comment il peut appliquer concr\u00e8tement ces id\u00e9es dans son quotidien. * la rubrique Pour terminer l\u2019atelier philo am\u00e8ne l\u2019enfant \u00e0 verbaliser : En un mot (la libert\u00e9\u2026), pour toi, c\u2019est\u2026. En une phrase (la libert\u00e9\u2026) pour toi, c\u2019est\u2026 * le dicton des Chatons Philosophes termine la lecture. - 1 semainier 2022 les Chatons Philosophes. Chaque semaine, une th\u00e9matique par ordre alphab\u00e9tique - L'Amiti\u00e9, L'amour... - et chaque jour un chat d'\u00e9crivain, de peintre, de musicien\u2026, alternant avec le Chat Myst\u00e8re\/le Chat Imaginaire donne son avis. Un espace Tes Notes est r\u00e9serv\u00e9 \u00e0 l'enfant pour qu'il note ses pens\u00e9es et poursuive sa r\u00e9flexion. Parall\u00e8lement, j'anime des ateliers en \\\"pr\u00e9sentiel\\\" principalement au domicile de parents (Paris et proche banlieue) et con\u00e7ois des jeux philosophiques.\",\"sameAs\":[\"http:\/\/www.leschatonsphilosophes.com\"],\"url\":\"https:\/\/www.leschatonsphilosophes.com\/index.php\/author\/admin7290\/\"}]}<\/script>\n<!-- \/ Yoast SEO plugin. -->","yoast_head_json":{"title":"10 D\u00c9CEMBRE : LA PATTE DES CHATONS - Les chatons philosophes","robots":{"index":"index","follow":"follow","max-snippet":"max-snippet:-1","max-image-preview":"max-image-preview:large","max-video-preview":"max-video-preview:-1"},"canonical":"https:\/\/www.leschatonsphilosophes.com\/index.php\/2022\/12\/10\/10-decembre-la-patte-des-chatons\/","og_locale":"fr_FR","og_type":"article","og_title":"10 D\u00c9CEMBRE : LA PATTE DES CHATONS - Les chatons philosophes","og_description":"Nous vous proposons de passer la semaine en d\u00e9couvrant la th\u00e9matique suivante : &nbsp;&nbsp;&nbsp;&nbsp;&nbsp;&nbsp;&nbsp;&nbsp;&nbsp;&nbsp;&nbsp;&nbsp;&nbsp;&nbsp;&nbsp;&nbsp;&nbsp;&nbsp;&nbsp;&nbsp;&nbsp;&nbsp;&nbsp;&nbsp;&nbsp;&nbsp;&nbsp;&nbsp;&nbsp;&nbsp;&nbsp;&nbsp;&nbsp;&nbsp;&nbsp;&nbsp;&nbsp; &nbsp;&nbsp;&nbsp;&nbsp;&nbsp;&nbsp;&nbsp;&nbsp;&nbsp;&nbsp;&nbsp;&nbsp;&nbsp;&nbsp;&nbsp;&nbsp;&nbsp;&nbsp;&nbsp;&nbsp;&nbsp;&nbsp;&nbsp;&nbsp;&nbsp;&nbsp;&nbsp;&nbsp;LE TEMPS. Pour vous accompagner toute la journ\u00e9e, &nbsp;je vous propose dor\u00e9navant deux axes de r\u00e9flexion. LE PREMIER&nbsp;: LA PENS\u00c9E DU CHAT MYST\u00c8RE issue du SEMAINIER 2022 LES CHATONS PHILOSOPHES Plongez dans la lecture au point de perdre la notion du [&hellip;]","og_url":"https:\/\/www.leschatonsphilosophes.com\/index.php\/2022\/12\/10\/10-decembre-la-patte-des-chatons\/","og_site_name":"Les chatons philosophes","article_published_time":"2022-12-10T07:34:05+00:00","article_modified_time":"2022-12-10T07:34:07+00:00","author":"Christine","twitter_card":"summary_large_image","twitter_misc":{"\u00c9crit par":"Christine","Dur\u00e9e de lecture estim\u00e9e":"2 minutes"},"schema":{"@context":"https:\/\/schema.org","@graph":[{"@type":"Article","@id":"https:\/\/www.leschatonsphilosophes.com\/index.php\/2022\/12\/10\/10-decembre-la-patte-des-chatons\/#article","isPartOf":{"@id":"https:\/\/www.leschatonsphilosophes.com\/index.php\/2022\/12\/10\/10-decembre-la-patte-des-chatons\/"},"author":{"name":"Christine","@id":"https:\/\/www.leschatonsphilosophes.com\/#\/schema\/person\/4e417a454dca85af0032eaba20d84675"},"headline":"10 D\u00c9CEMBRE : LA PATTE DES CHATONS","datePublished":"2022-12-10T07:34:05+00:00","dateModified":"2022-12-10T07:34:07+00:00","mainEntityOfPage":{"@id":"https:\/\/www.leschatonsphilosophes.com\/index.php\/2022\/12\/10\/10-decembre-la-patte-des-chatons\/"},"wordCount":391,"commentCount":0,"publisher":{"@id":"https:\/\/www.leschatonsphilosophes.com\/#organization"},"inLanguage":"fr-FR","potentialAction":[{"@type":"CommentAction","name":"Comment","target":["https:\/\/www.leschatonsphilosophes.com\/index.php\/2022\/12\/10\/10-decembre-la-patte-des-chatons\/#respond"]}]},{"@type":"WebPage","@id":"https:\/\/www.leschatonsphilosophes.com\/index.php\/2022\/12\/10\/10-decembre-la-patte-des-chatons\/","url":"https:\/\/www.leschatonsphilosophes.com\/index.php\/2022\/12\/10\/10-decembre-la-patte-des-chatons\/","name":"10 D\u00c9CEMBRE : LA PATTE DES CHATONS - Les chatons philosophes","isPartOf":{"@id":"https:\/\/www.leschatonsphilosophes.com\/#website"},"datePublished":"2022-12-10T07:34:05+00:00","dateModified":"2022-12-10T07:34:07+00:00","breadcrumb":{"@id":"https:\/\/www.leschatonsphilosophes.com\/index.php\/2022\/12\/10\/10-decembre-la-patte-des-chatons\/#breadcrumb"},"inLanguage":"fr-FR","potentialAction":[{"@type":"ReadAction","target":["https:\/\/www.leschatonsphilosophes.com\/index.php\/2022\/12\/10\/10-decembre-la-patte-des-chatons\/"]}]},{"@type":"BreadcrumbList","@id":"https:\/\/www.leschatonsphilosophes.com\/index.php\/2022\/12\/10\/10-decembre-la-patte-des-chatons\/#breadcrumb","itemListElement":[{"@type":"ListItem","position":1,"name":"Accueil","item":"https:\/\/www.leschatonsphilosophes.com\/"},{"@type":"ListItem","position":2,"name":"10 D\u00c9CEMBRE : LA PATTE DES CHATONS"}]},{"@type":"WebSite","@id":"https:\/\/www.leschatonsphilosophes.com\/#website","url":"https:\/\/www.leschatonsphilosophes.com\/","name":"Les chatons philosophes","description":"","publisher":{"@id":"https:\/\/www.leschatonsphilosophes.com\/#organization"},"potentialAction":[{"@type":"SearchAction","target":{"@type":"EntryPoint","urlTemplate":"https:\/\/www.leschatonsphilosophes.com\/?s={search_term_string}"},"query-input":"required name=search_term_string"}],"inLanguage":"fr-FR"},{"@type":"Organization","@id":"https:\/\/www.leschatonsphilosophes.com\/#organization","name":"Les chatons philosophes","url":"https:\/\/www.leschatonsphilosophes.com\/","sameAs":[],"logo":{"@type":"ImageObject","inLanguage":"fr-FR","@id":"https:\/\/www.leschatonsphilosophes.com\/#\/schema\/logo\/image\/","url":"https:\/\/www.leschatonsphilosophes.com\/wp-content\/uploads\/2022\/04\/chatons.jpg","contentUrl":"https:\/\/www.leschatonsphilosophes.com\/wp-content\/uploads\/2022\/04\/chatons.jpg","width":1905,"height":361,"caption":"Les chatons philosophes"},"image":{"@id":"https:\/\/www.leschatonsphilosophes.com\/#\/schema\/logo\/image\/"}},{"@type":"Person","@id":"https:\/\/www.leschatonsphilosophes.com\/#\/schema\/person\/4e417a454dca85af0032eaba20d84675","name":"Christine","image":{"@type":"ImageObject","inLanguage":"fr-FR","@id":"https:\/\/www.leschatonsphilosophes.com\/#\/schema\/person\/image\/","url":"https:\/\/secure.gravatar.com\/avatar\/62f3f09883f1047005c692cdd418e7c5?s=96&d=mm&r=g","contentUrl":"https:\/\/secure.gravatar.com\/avatar\/62f3f09883f1047005c692cdd418e7c5?s=96&d=mm&r=g","caption":"Christine"},"description":"En 2019, j'ai d\u00e9pos\u00e9 \u00e0 l'INPI la marque Les Chatons Philosophes. Sa mission : initier les enfants (6-12 ans) \u00e0 la philosophie de fa\u00e7on participative, sans oublier la complexit\u00e9 de la pens\u00e9e et de la r\u00e9flexion. J'ai r\u00e9dig\u00e9 les supports suivants : - 5 fascicules th\u00e9matiques Qu'est-ce que ? La philosophie ? La libert\u00e9 ? La justice ? La nature ? Le bonheur ? Chaque fascicule pr\u00e9sente une vue g\u00e9n\u00e9rale de la th\u00e9matique de l'Antiquit\u00e9 au vingti\u00e8me si\u00e8cle. Des philosophes majeurs des \u00e9poques concern\u00e9es exposent leur point de vue. L'ouvrage est \u00e9maill\u00e9 d'expressions philosophiques compliqu\u00e9es mais expliqu\u00e9es simplement. Leur originalit\u00e9 : + ils sont volontairement difficiles au niveau du sens mais faciles au niveau de la lecture. Par cons\u00e9quent, m\u00eame un jeune enfant peut les lire avec plaisir, sans \u00eatre rebut\u00e9. + le style est vivant. Les textes sont pr\u00e9sent\u00e9s sous forme de dialogues entre les Chatons Philosophes : ils interrogent les philosophes, r\u00e9agissent \u00e0 leurs propos et se questionnent. + \u00e0 la fin de chaque fascicule, l\u2019enfant est amen\u00e9 \u00e0 s\u2019exprimer et \u00e0 devenir un vrai petit philosophe : * la rubrique Les Chatons Philosophes s\u2019interrogent lui propose de rechercher dans le texte les mots\/expressions difficiles. Parall\u00e8lement, elle l\u2019invite \u00e0 poursuivre sa r\u00e9flexion et \u00e0 se demander comment il peut appliquer concr\u00e8tement ces id\u00e9es dans son quotidien. * la rubrique Pour terminer l\u2019atelier philo am\u00e8ne l\u2019enfant \u00e0 verbaliser : En un mot (la libert\u00e9\u2026), pour toi, c\u2019est\u2026. En une phrase (la libert\u00e9\u2026) pour toi, c\u2019est\u2026 * le dicton des Chatons Philosophes termine la lecture. - 1 semainier 2022 les Chatons Philosophes. Chaque semaine, une th\u00e9matique par ordre alphab\u00e9tique - L'Amiti\u00e9, L'amour... - et chaque jour un chat d'\u00e9crivain, de peintre, de musicien\u2026, alternant avec le Chat Myst\u00e8re\/le Chat Imaginaire donne son avis. Un espace Tes Notes est r\u00e9serv\u00e9 \u00e0 l'enfant pour qu'il note ses pens\u00e9es et poursuive sa r\u00e9flexion. Parall\u00e8lement, j'anime des ateliers en \"pr\u00e9sentiel\" principalement au domicile de parents (Paris et proche banlieue) et con\u00e7ois des jeux philosophiques.","sameAs":["http:\/\/www.leschatonsphilosophes.com"],"url":"https:\/\/www.leschatonsphilosophes.com\/index.php\/author\/admin7290\/"}]}},"_links":{"self":[{"href":"https:\/\/www.leschatonsphilosophes.com\/index.php\/wp-json\/wp\/v2\/posts\/726"}],"collection":[{"href":"https:\/\/www.leschatonsphilosophes.com\/index.php\/wp-json\/wp\/v2\/posts"}],"about":[{"href":"https:\/\/www.leschatonsphilosophes.com\/index.php\/wp-json\/wp\/v2\/types\/post"}],"author":[{"embeddable":true,"href":"https:\/\/www.leschatonsphilosophes.com\/index.php\/wp-json\/wp\/v2\/users\/1"}],"replies":[{"embeddable":true,"href":"https:\/\/www.leschatonsphilosophes.com\/index.php\/wp-json\/wp\/v2\/comments?post=726"}],"version-history":[{"count":1,"href":"https:\/\/www.leschatonsphilosophes.com\/index.php\/wp-json\/wp\/v2\/posts\/726\/revisions"}],"predecessor-version":[{"id":727,"href":"https:\/\/www.leschatonsphilosophes.com\/index.php\/wp-json\/wp\/v2\/posts\/726\/revisions\/727"}],"wp:attachment":[{"href":"https:\/\/www.leschatonsphilosophes.com\/index.php\/wp-json\/wp\/v2\/media?parent=726"}],"wp:term":[{"taxonomy":"category","embeddable":true,"href":"https:\/\/www.leschatonsphilosophes.com\/index.php\/wp-json\/wp\/v2\/categories?post=726"},{"taxonomy":"post_tag","embeddable":true,"href":"https:\/\/www.leschatonsphilosophes.com\/index.php\/wp-json\/wp\/v2\/tags?post=726"}],"curies":[{"name":"wp","href":"https:\/\/api.w.org\/{rel}","templated":true}]}}