{"id":743,"date":"2023-01-03T14:19:09","date_gmt":"2023-01-03T13:19:09","guid":{"rendered":"https:\/\/www.leschatonsphilosophes.com\/?p=743"},"modified":"2023-01-03T14:19:10","modified_gmt":"2023-01-03T13:19:10","slug":"3-janvier-la-patte-des-chatons","status":"publish","type":"post","link":"https:\/\/www.leschatonsphilosophes.com\/index.php\/2023\/01\/03\/3-janvier-la-patte-des-chatons\/","title":{"rendered":"3 JANVIER : LA PATTE DES CHATONS"},"content":{"rendered":"\n<p>Les Chatons Philosophes bonjour<\/p>\n\n\n\n<p>En ce d\u00e9but d\u2019ann\u00e9e 2023, <strong>Les Chatons Philosophes<\/strong> \u2013 <strong>Jade la princesse \u00e9toil\u00e9e, Th\u00e9o le lutin malicieux et Azur la f\u00e9e des songes <\/strong>\u2013 ainsi que leur compagne humaine \u2013 Christine Destruhaut, cr\u00e9atrice de la marque \u00e9ponyme de philosophie pour enfants d\u00e9pos\u00e9e \u00e0 l\u2019INPI ne d\u00e9rogent pas \u00e0 l\u2019habitude de vous adresser \u00e0 toutes et tous leurs v\u0153ux de bonheur et d\u2019accomplissement.<\/p>\n\n\n\n<p>Comme promis dans le post du 2 janvier, voici la premi\u00e8re surprise&nbsp;:<\/p>\n\n\n\n<p class=\"has-text-align-center\">Les Chatons Philosophes,<\/p>\n\n\n\n<p class=\"has-text-align-center\"><strong>\u00c0 vos fourneaux et \u00e0 vos spatules\u00a0!<\/strong><\/p>\n\n\n\n<p>Avec vos parents, vos fr\u00e8res et s\u0153urs, vos grands-m\u00e8res et grands-p\u00e8res, vos copains et copines,<\/p>\n\n\n\n<p><strong>Jade la princesse \u00e9toil\u00e9e<\/strong>, <strong>Th\u00e9o le lutin malicieux<\/strong> et <strong>Azur la f\u00e9e des songes<\/strong> vous invitent \u00e0 faire preuve de cr\u00e9ativit\u00e9 culinaire\u2026 et de sagesse philosophique en participant au<\/p>\n\n\n\n<p class=\"has-text-align-center\"><strong>PREMIER CONCOURS PHILOSOPHICO-CULINAIRE JAMAIS LANC\u00c9\u00a0!<\/strong><\/p>\n\n\n\n<p class=\"has-text-align-center\"><strong><u>R\u00e8glement<\/u><\/strong><\/p>\n\n\n\n<ol type=\"1\"><li>Le concours d\u00e9bute le <strong><u>mercredi 4 janvier<\/u><\/strong> et se termine le <strong><u>mercredi 1<sup>er<\/sup> mars 2023<\/u><\/strong>. Envoyez vos recettes \u00e0 <strong>leschatonsphilosophes<\/strong>@gmail.com<\/li><li><strong>Les Chatons Philosophes<\/strong> vous d\u00e9voilent ci-dessous <a><strong>40<\/strong><\/a> titres de recettes propos\u00e9es par <a><strong>40<\/strong><\/a> philosophes, de l\u2019Antiquit\u00e9 au vingti\u00e8me si\u00e8cle\u00a0: <ol><li>Socrate\u00a0: la mazza<\/li><li>\u00c9picure\u00a0: crevettes dans un gla\u00e7age au miel<\/li><li>Aristote\u00a0: la soupe de f\u00e8ves<\/li><li>Platon\u00a0: beignets aux s\u00e9sames<\/li><li>Bouddha\u00a0: d\u00e9lices de Bouddha<\/li><li>Lao Tseu\u00a0: boulettes de viandes au huit parfums<\/li><li>Diog\u00e8ne de Sinope\u00a0: salade de chou \u00e0 la feta et au miel <\/li><li>Pythagore\u00a0: ancienne version de baklava<\/li><li>S\u00e9n\u00e8que\u00a0: les loukoumade<\/li><li>D\u00e9mocrite\u00a0: le granolathon, anc\u00eatre du granola<\/li><li>H\u00e9raclite\u00a0: feuilles de vigne farcie<\/li><li>\u00c9pict\u00e8te\u00a0: pain grec tress\u00e9<\/li><li>Euripide\u00a0: boulettes de poisson \u00e0 la mode de Corfou<\/li><li>Mo\u00efse Ma\u00efmonide\u00a0: les lakt\u00e8s<\/li><li>Averro\u00e8s\u00a0: salade d\u2019aubergines grill\u00e9es \u00e0 la feta<\/li><li>Jean Pic de la Mirandole\u00a0: sauce verte de Bartolomeo Scappi<\/li><li>Nicolas Machiavel\u00a0: raviolis blancs<\/li><li>Michel de Montaigne\u00a0: mousse de pomme au lait d\u2019amande<\/li><li>Thomas Hobbes\u00a0: la cr\u00e8me anglaise<\/li><li>Ren\u00e9 Descartes\u00a0: mousse au chocolat<\/li><li>Blaise Pascal\u00a0: la cr\u00e8me de melon<\/li><li>Baruch Spinoza\u00a0: bonbons en p\u00e2te de coing<\/li><li>Gottfried Wilhelm Leibniz\u00a0: les lebkuchen<\/li><li>Montesquieu\u00a0: bonbons \u00e0 la violette<\/li><li>Denis Diderot\u00a0: sorbet aux pommes vertes<\/li><li>Georg Wilhelm Friedrich Hegel\u00a0: la galette de pommes de terre<\/li><li>George Berkeley\u00a0: pudding aux amandes<\/li><li>Emmanuel Kant\u00a0: les kn\u00f6del<\/li><li>Jean-Jacques Rousseau\u00a0: le bretzel suisse<\/li><li>Arthur Schopenhauer\u00a0: le strudel aux pommes <\/li><li>S\u00f8ren Aabye Kierkegaard\u00a0: la sauce hollandaise<\/li><li>Friedrich Wilhelm Nietzsche\u00a0: le st\u00f6llen<\/li><li>Karl Marx\u00a0: le pain de No\u00ebl allemand<\/li><li>Martin Heidegger\u00a0: sabl\u00e9s \u00e0 la cannelle<\/li><li>Henri Bergson\u00a0: le croque \u00e0 la mozzarella <\/li><li>Albert Camus\u00a0: courgettes r\u00f4ties \u00e0 la feta<\/li><li>Gaston Bachelard\u00a0: la mini-quiche<\/li><li>Emmanuel Levinas\u00a0: croquettes de l\u00e9gumes au fromage<\/li><li>Jean-Paul Sartre\u00a0: gratin de coquillettes au jambon <\/li><li>Alain\u00a0: g\u00e2teau au chocolat<\/li><\/ol><\/li><li>Choisissez une ou plusieurs recettes qui vous plaisent. Avant de vous lancer dans sa\/leur pr\u00e9paration, prenez quelques instants pour d\u00e9couvrir le philosophe et les habitudes culinaires de l\u2019\u00e9poque \u00e0 laquelle il a v\u00e9cu. Puis, lancez-vous et laissez place \u00e0 votre cr\u00e9ativit\u00e9 culinaire\u00a0! Le philosophe que vous choisirez vous accompagnera tout au long de votre recette et, pourquoi pas, de votre vie\u00a0!!<\/li><li>Les quarante premi\u00e8res recettes re\u00e7ues feront l\u2019objet d\u2019un premier volume et les suivantes serviront pour un deuxi\u00e8me, voire un troisi\u00e8me\u00a0tome ! \u00a0<\/li><\/ol>\n\n\n\n<p><strong>Il n\u2019y a pas de perdant&nbsp;!<\/strong> Chaque participant recevra, outre un exemplaire du volume de recettes si un \u00e9diteur est int\u00e9ress\u00e9 pour le publier, un fascicule th\u00e9matique \u00e0 choisir parmi les cinq propos\u00e9s sur le site <strong>www.leschatonsphilosophes.com<\/strong>, 1 figurine <strong>Les Chatons Philosophes<\/strong> \u00e0 choisir entre <strong>Jade la princesse \u00e9toil\u00e9e<\/strong>, <strong>Th\u00e9o le lutin malicieux<\/strong> et <strong>Azur la f\u00e9e des songes <u>ou<\/u> <\/strong>la planche d\u2019autocollants <strong>Les Chatons Philosophes<\/strong>.<\/p>\n\n\n\n<p>En cas de publication du\/des volume(s) de recettes par un \u00e9diteur, les parents acceptent de c\u00e9der <strong>gratuitement<\/strong> les droits des recettes cr\u00e9\u00e9es par leurs enfants et de renvoyer leur acceptation par mail \u00e0 leschatonsphilosophes@gmail.com<\/p>\n\n\n\n<p>\u00ab&nbsp;Je soussign\u00e9(e) M\/Mme\u2026\u2026\u2026\u2026. accepte, en cas de publication du volume de recettes chez un \u00e9diteur, de c\u00e9der <strong>gratuitement<\/strong> les droits de cr\u00e9ation de la recette par mon\/mes enfant(s) \u00e0 Christine Destruhaut.<\/p>\n\n\n\n<p>J\u2019accepte que le nom et pr\u00e9nom de mon enfant, ou son pr\u00e9nom seul, soit indiqu\u00e9 dans la partie Remerciements de l\u2019ouvrage*. \u00bb<\/p>\n\n\n\n<p>Fait \u00e0 \u2026.&nbsp; le\u2026.<\/p>\n\n\n\n<p>(Signature)<\/p>\n\n\n\n<p>* Indiquez votre choix&nbsp;: 1) mention du nom et pr\u00e9nom&nbsp;; 2) mention du pr\u00e9nom&nbsp;; 3) ni nom ni pr\u00e9nom<\/p>\n\n\n\n<p>Rendez-vous sur le site <a href=\"http:\/\/www.leschatonsphilosophes.com\"><strong>www.leschatonsphilosophes.com<\/strong><\/a> pour d\u00e9couvrir le blog quotidien, les supports cr\u00e9\u00e9s et les prestations propos\u00e9es ainsi que sur la page Facebook <strong>Les Chatons Philosophes<\/strong> et LinkedIn. N\u2019h\u00e9sitez pas \u00e0 nous faire part de vos envies, observations, suggestions. <strong>Les Chatons Philosophes<\/strong> \u2013\u00a0 <strong>Jade la princesse \u00e9toil\u00e9e<\/strong>, <strong>Th\u00e9o le lutin malicieux<\/strong> et <strong>Azur la f\u00e9e des songes <\/strong>\u2013 ainsi que leur compagne humaine seront heureuses de tout mettre en \u0153uvre pour les concr\u00e9tiser.<\/p>\n","protected":false},"excerpt":{"rendered":"<p>Les Chatons Philosophes bonjour En ce d\u00e9but d\u2019ann\u00e9e 2023, Les Chatons Philosophes \u2013 Jade la princesse \u00e9toil\u00e9e, Th\u00e9o le lutin malicieux et Azur la f\u00e9e des songes \u2013 ainsi que leur compagne humaine \u2013 Christine Destruhaut, cr\u00e9atrice de la marque \u00e9ponyme de philosophie pour enfants d\u00e9pos\u00e9e \u00e0 l\u2019INPI ne d\u00e9rogent pas \u00e0 l\u2019habitude de vous [&hellip;]<\/p>\n","protected":false},"author":1,"featured_media":0,"comment_status":"open","ping_status":"open","sticky":false,"template":"","format":"standard","meta":[],"categories":[1],"tags":[],"yoast_head":"<!-- This site is optimized with the Yoast SEO plugin v19.7.1 - https:\/\/yoast.com\/wordpress\/plugins\/seo\/ -->\n<title>3 JANVIER : LA PATTE DES CHATONS - Les chatons philosophes<\/title>\n<meta name=\"robots\" content=\"index, follow, max-snippet:-1, max-image-preview:large, max-video-preview:-1\" \/>\n<link rel=\"canonical\" href=\"https:\/\/www.leschatonsphilosophes.com\/index.php\/2023\/01\/03\/3-janvier-la-patte-des-chatons\/\" \/>\n<meta property=\"og:locale\" content=\"fr_FR\" \/>\n<meta property=\"og:type\" content=\"article\" \/>\n<meta property=\"og:title\" content=\"3 JANVIER : LA PATTE DES CHATONS - Les chatons philosophes\" \/>\n<meta property=\"og:description\" content=\"Les Chatons Philosophes bonjour En ce d\u00e9but d\u2019ann\u00e9e 2023, Les Chatons Philosophes \u2013 Jade la princesse \u00e9toil\u00e9e, Th\u00e9o le lutin malicieux et Azur la f\u00e9e des songes \u2013 ainsi que leur compagne humaine \u2013 Christine Destruhaut, cr\u00e9atrice de la marque \u00e9ponyme de philosophie pour enfants d\u00e9pos\u00e9e \u00e0 l\u2019INPI ne d\u00e9rogent pas \u00e0 l\u2019habitude de vous [&hellip;]\" \/>\n<meta property=\"og:url\" content=\"https:\/\/www.leschatonsphilosophes.com\/index.php\/2023\/01\/03\/3-janvier-la-patte-des-chatons\/\" \/>\n<meta property=\"og:site_name\" content=\"Les chatons philosophes\" \/>\n<meta property=\"article:published_time\" content=\"2023-01-03T13:19:09+00:00\" \/>\n<meta property=\"article:modified_time\" content=\"2023-01-03T13:19:10+00:00\" \/>\n<meta name=\"author\" content=\"Christine\" \/>\n<meta name=\"twitter:card\" content=\"summary_large_image\" \/>\n<meta name=\"twitter:label1\" content=\"\u00c9crit par\" \/>\n\t<meta name=\"twitter:data1\" content=\"Christine\" \/>\n\t<meta name=\"twitter:label2\" content=\"Dur\u00e9e de lecture estim\u00e9e\" \/>\n\t<meta name=\"twitter:data2\" content=\"4 minutes\" \/>\n<script type=\"application\/ld+json\" class=\"yoast-schema-graph\">{\"@context\":\"https:\/\/schema.org\",\"@graph\":[{\"@type\":\"Article\",\"@id\":\"https:\/\/www.leschatonsphilosophes.com\/index.php\/2023\/01\/03\/3-janvier-la-patte-des-chatons\/#article\",\"isPartOf\":{\"@id\":\"https:\/\/www.leschatonsphilosophes.com\/index.php\/2023\/01\/03\/3-janvier-la-patte-des-chatons\/\"},\"author\":{\"name\":\"Christine\",\"@id\":\"https:\/\/www.leschatonsphilosophes.com\/#\/schema\/person\/4e417a454dca85af0032eaba20d84675\"},\"headline\":\"3 JANVIER : LA PATTE DES CHATONS\",\"datePublished\":\"2023-01-03T13:19:09+00:00\",\"dateModified\":\"2023-01-03T13:19:10+00:00\",\"mainEntityOfPage\":{\"@id\":\"https:\/\/www.leschatonsphilosophes.com\/index.php\/2023\/01\/03\/3-janvier-la-patte-des-chatons\/\"},\"wordCount\":798,\"commentCount\":0,\"publisher\":{\"@id\":\"https:\/\/www.leschatonsphilosophes.com\/#organization\"},\"inLanguage\":\"fr-FR\",\"potentialAction\":[{\"@type\":\"CommentAction\",\"name\":\"Comment\",\"target\":[\"https:\/\/www.leschatonsphilosophes.com\/index.php\/2023\/01\/03\/3-janvier-la-patte-des-chatons\/#respond\"]}]},{\"@type\":\"WebPage\",\"@id\":\"https:\/\/www.leschatonsphilosophes.com\/index.php\/2023\/01\/03\/3-janvier-la-patte-des-chatons\/\",\"url\":\"https:\/\/www.leschatonsphilosophes.com\/index.php\/2023\/01\/03\/3-janvier-la-patte-des-chatons\/\",\"name\":\"3 JANVIER : LA PATTE DES CHATONS - Les chatons philosophes\",\"isPartOf\":{\"@id\":\"https:\/\/www.leschatonsphilosophes.com\/#website\"},\"datePublished\":\"2023-01-03T13:19:09+00:00\",\"dateModified\":\"2023-01-03T13:19:10+00:00\",\"breadcrumb\":{\"@id\":\"https:\/\/www.leschatonsphilosophes.com\/index.php\/2023\/01\/03\/3-janvier-la-patte-des-chatons\/#breadcrumb\"},\"inLanguage\":\"fr-FR\",\"potentialAction\":[{\"@type\":\"ReadAction\",\"target\":[\"https:\/\/www.leschatonsphilosophes.com\/index.php\/2023\/01\/03\/3-janvier-la-patte-des-chatons\/\"]}]},{\"@type\":\"BreadcrumbList\",\"@id\":\"https:\/\/www.leschatonsphilosophes.com\/index.php\/2023\/01\/03\/3-janvier-la-patte-des-chatons\/#breadcrumb\",\"itemListElement\":[{\"@type\":\"ListItem\",\"position\":1,\"name\":\"Accueil\",\"item\":\"https:\/\/www.leschatonsphilosophes.com\/\"},{\"@type\":\"ListItem\",\"position\":2,\"name\":\"3 JANVIER : LA PATTE DES CHATONS\"}]},{\"@type\":\"WebSite\",\"@id\":\"https:\/\/www.leschatonsphilosophes.com\/#website\",\"url\":\"https:\/\/www.leschatonsphilosophes.com\/\",\"name\":\"Les chatons philosophes\",\"description\":\"\",\"publisher\":{\"@id\":\"https:\/\/www.leschatonsphilosophes.com\/#organization\"},\"potentialAction\":[{\"@type\":\"SearchAction\",\"target\":{\"@type\":\"EntryPoint\",\"urlTemplate\":\"https:\/\/www.leschatonsphilosophes.com\/?s={search_term_string}\"},\"query-input\":\"required name=search_term_string\"}],\"inLanguage\":\"fr-FR\"},{\"@type\":\"Organization\",\"@id\":\"https:\/\/www.leschatonsphilosophes.com\/#organization\",\"name\":\"Les chatons philosophes\",\"url\":\"https:\/\/www.leschatonsphilosophes.com\/\",\"sameAs\":[],\"logo\":{\"@type\":\"ImageObject\",\"inLanguage\":\"fr-FR\",\"@id\":\"https:\/\/www.leschatonsphilosophes.com\/#\/schema\/logo\/image\/\",\"url\":\"https:\/\/www.leschatonsphilosophes.com\/wp-content\/uploads\/2022\/04\/chatons.jpg\",\"contentUrl\":\"https:\/\/www.leschatonsphilosophes.com\/wp-content\/uploads\/2022\/04\/chatons.jpg\",\"width\":1905,\"height\":361,\"caption\":\"Les chatons philosophes\"},\"image\":{\"@id\":\"https:\/\/www.leschatonsphilosophes.com\/#\/schema\/logo\/image\/\"}},{\"@type\":\"Person\",\"@id\":\"https:\/\/www.leschatonsphilosophes.com\/#\/schema\/person\/4e417a454dca85af0032eaba20d84675\",\"name\":\"Christine\",\"image\":{\"@type\":\"ImageObject\",\"inLanguage\":\"fr-FR\",\"@id\":\"https:\/\/www.leschatonsphilosophes.com\/#\/schema\/person\/image\/\",\"url\":\"https:\/\/secure.gravatar.com\/avatar\/62f3f09883f1047005c692cdd418e7c5?s=96&d=mm&r=g\",\"contentUrl\":\"https:\/\/secure.gravatar.com\/avatar\/62f3f09883f1047005c692cdd418e7c5?s=96&d=mm&r=g\",\"caption\":\"Christine\"},\"description\":\"En 2019, j'ai d\u00e9pos\u00e9 \u00e0 l'INPI la marque Les Chatons Philosophes. Sa mission : initier les enfants (6-12 ans) \u00e0 la philosophie de fa\u00e7on participative, sans oublier la complexit\u00e9 de la pens\u00e9e et de la r\u00e9flexion. J'ai r\u00e9dig\u00e9 les supports suivants : - 5 fascicules th\u00e9matiques Qu'est-ce que ? La philosophie ? La libert\u00e9 ? La justice ? La nature ? Le bonheur ? Chaque fascicule pr\u00e9sente une vue g\u00e9n\u00e9rale de la th\u00e9matique de l'Antiquit\u00e9 au vingti\u00e8me si\u00e8cle. Des philosophes majeurs des \u00e9poques concern\u00e9es exposent leur point de vue. L'ouvrage est \u00e9maill\u00e9 d'expressions philosophiques compliqu\u00e9es mais expliqu\u00e9es simplement. Leur originalit\u00e9 : + ils sont volontairement difficiles au niveau du sens mais faciles au niveau de la lecture. Par cons\u00e9quent, m\u00eame un jeune enfant peut les lire avec plaisir, sans \u00eatre rebut\u00e9. + le style est vivant. Les textes sont pr\u00e9sent\u00e9s sous forme de dialogues entre les Chatons Philosophes : ils interrogent les philosophes, r\u00e9agissent \u00e0 leurs propos et se questionnent. + \u00e0 la fin de chaque fascicule, l\u2019enfant est amen\u00e9 \u00e0 s\u2019exprimer et \u00e0 devenir un vrai petit philosophe : * la rubrique Les Chatons Philosophes s\u2019interrogent lui propose de rechercher dans le texte les mots\/expressions difficiles. Parall\u00e8lement, elle l\u2019invite \u00e0 poursuivre sa r\u00e9flexion et \u00e0 se demander comment il peut appliquer concr\u00e8tement ces id\u00e9es dans son quotidien. * la rubrique Pour terminer l\u2019atelier philo am\u00e8ne l\u2019enfant \u00e0 verbaliser : En un mot (la libert\u00e9\u2026), pour toi, c\u2019est\u2026. En une phrase (la libert\u00e9\u2026) pour toi, c\u2019est\u2026 * le dicton des Chatons Philosophes termine la lecture. - 1 semainier 2022 les Chatons Philosophes. Chaque semaine, une th\u00e9matique par ordre alphab\u00e9tique - L'Amiti\u00e9, L'amour... - et chaque jour un chat d'\u00e9crivain, de peintre, de musicien\u2026, alternant avec le Chat Myst\u00e8re\/le Chat Imaginaire donne son avis. Un espace Tes Notes est r\u00e9serv\u00e9 \u00e0 l'enfant pour qu'il note ses pens\u00e9es et poursuive sa r\u00e9flexion. Parall\u00e8lement, j'anime des ateliers en \\\"pr\u00e9sentiel\\\" principalement au domicile de parents (Paris et proche banlieue) et con\u00e7ois des jeux philosophiques.\",\"sameAs\":[\"http:\/\/www.leschatonsphilosophes.com\"],\"url\":\"https:\/\/www.leschatonsphilosophes.com\/index.php\/author\/admin7290\/\"}]}<\/script>\n<!-- \/ Yoast SEO plugin. -->","yoast_head_json":{"title":"3 JANVIER : LA PATTE DES CHATONS - Les chatons philosophes","robots":{"index":"index","follow":"follow","max-snippet":"max-snippet:-1","max-image-preview":"max-image-preview:large","max-video-preview":"max-video-preview:-1"},"canonical":"https:\/\/www.leschatonsphilosophes.com\/index.php\/2023\/01\/03\/3-janvier-la-patte-des-chatons\/","og_locale":"fr_FR","og_type":"article","og_title":"3 JANVIER : LA PATTE DES CHATONS - Les chatons philosophes","og_description":"Les Chatons Philosophes bonjour En ce d\u00e9but d\u2019ann\u00e9e 2023, Les Chatons Philosophes \u2013 Jade la princesse \u00e9toil\u00e9e, Th\u00e9o le lutin malicieux et Azur la f\u00e9e des songes \u2013 ainsi que leur compagne humaine \u2013 Christine Destruhaut, cr\u00e9atrice de la marque \u00e9ponyme de philosophie pour enfants d\u00e9pos\u00e9e \u00e0 l\u2019INPI ne d\u00e9rogent pas \u00e0 l\u2019habitude de vous [&hellip;]","og_url":"https:\/\/www.leschatonsphilosophes.com\/index.php\/2023\/01\/03\/3-janvier-la-patte-des-chatons\/","og_site_name":"Les chatons philosophes","article_published_time":"2023-01-03T13:19:09+00:00","article_modified_time":"2023-01-03T13:19:10+00:00","author":"Christine","twitter_card":"summary_large_image","twitter_misc":{"\u00c9crit par":"Christine","Dur\u00e9e de lecture estim\u00e9e":"4 minutes"},"schema":{"@context":"https:\/\/schema.org","@graph":[{"@type":"Article","@id":"https:\/\/www.leschatonsphilosophes.com\/index.php\/2023\/01\/03\/3-janvier-la-patte-des-chatons\/#article","isPartOf":{"@id":"https:\/\/www.leschatonsphilosophes.com\/index.php\/2023\/01\/03\/3-janvier-la-patte-des-chatons\/"},"author":{"name":"Christine","@id":"https:\/\/www.leschatonsphilosophes.com\/#\/schema\/person\/4e417a454dca85af0032eaba20d84675"},"headline":"3 JANVIER : LA PATTE DES CHATONS","datePublished":"2023-01-03T13:19:09+00:00","dateModified":"2023-01-03T13:19:10+00:00","mainEntityOfPage":{"@id":"https:\/\/www.leschatonsphilosophes.com\/index.php\/2023\/01\/03\/3-janvier-la-patte-des-chatons\/"},"wordCount":798,"commentCount":0,"publisher":{"@id":"https:\/\/www.leschatonsphilosophes.com\/#organization"},"inLanguage":"fr-FR","potentialAction":[{"@type":"CommentAction","name":"Comment","target":["https:\/\/www.leschatonsphilosophes.com\/index.php\/2023\/01\/03\/3-janvier-la-patte-des-chatons\/#respond"]}]},{"@type":"WebPage","@id":"https:\/\/www.leschatonsphilosophes.com\/index.php\/2023\/01\/03\/3-janvier-la-patte-des-chatons\/","url":"https:\/\/www.leschatonsphilosophes.com\/index.php\/2023\/01\/03\/3-janvier-la-patte-des-chatons\/","name":"3 JANVIER : LA PATTE DES CHATONS - Les chatons philosophes","isPartOf":{"@id":"https:\/\/www.leschatonsphilosophes.com\/#website"},"datePublished":"2023-01-03T13:19:09+00:00","dateModified":"2023-01-03T13:19:10+00:00","breadcrumb":{"@id":"https:\/\/www.leschatonsphilosophes.com\/index.php\/2023\/01\/03\/3-janvier-la-patte-des-chatons\/#breadcrumb"},"inLanguage":"fr-FR","potentialAction":[{"@type":"ReadAction","target":["https:\/\/www.leschatonsphilosophes.com\/index.php\/2023\/01\/03\/3-janvier-la-patte-des-chatons\/"]}]},{"@type":"BreadcrumbList","@id":"https:\/\/www.leschatonsphilosophes.com\/index.php\/2023\/01\/03\/3-janvier-la-patte-des-chatons\/#breadcrumb","itemListElement":[{"@type":"ListItem","position":1,"name":"Accueil","item":"https:\/\/www.leschatonsphilosophes.com\/"},{"@type":"ListItem","position":2,"name":"3 JANVIER : LA PATTE DES CHATONS"}]},{"@type":"WebSite","@id":"https:\/\/www.leschatonsphilosophes.com\/#website","url":"https:\/\/www.leschatonsphilosophes.com\/","name":"Les chatons philosophes","description":"","publisher":{"@id":"https:\/\/www.leschatonsphilosophes.com\/#organization"},"potentialAction":[{"@type":"SearchAction","target":{"@type":"EntryPoint","urlTemplate":"https:\/\/www.leschatonsphilosophes.com\/?s={search_term_string}"},"query-input":"required name=search_term_string"}],"inLanguage":"fr-FR"},{"@type":"Organization","@id":"https:\/\/www.leschatonsphilosophes.com\/#organization","name":"Les chatons philosophes","url":"https:\/\/www.leschatonsphilosophes.com\/","sameAs":[],"logo":{"@type":"ImageObject","inLanguage":"fr-FR","@id":"https:\/\/www.leschatonsphilosophes.com\/#\/schema\/logo\/image\/","url":"https:\/\/www.leschatonsphilosophes.com\/wp-content\/uploads\/2022\/04\/chatons.jpg","contentUrl":"https:\/\/www.leschatonsphilosophes.com\/wp-content\/uploads\/2022\/04\/chatons.jpg","width":1905,"height":361,"caption":"Les chatons philosophes"},"image":{"@id":"https:\/\/www.leschatonsphilosophes.com\/#\/schema\/logo\/image\/"}},{"@type":"Person","@id":"https:\/\/www.leschatonsphilosophes.com\/#\/schema\/person\/4e417a454dca85af0032eaba20d84675","name":"Christine","image":{"@type":"ImageObject","inLanguage":"fr-FR","@id":"https:\/\/www.leschatonsphilosophes.com\/#\/schema\/person\/image\/","url":"https:\/\/secure.gravatar.com\/avatar\/62f3f09883f1047005c692cdd418e7c5?s=96&d=mm&r=g","contentUrl":"https:\/\/secure.gravatar.com\/avatar\/62f3f09883f1047005c692cdd418e7c5?s=96&d=mm&r=g","caption":"Christine"},"description":"En 2019, j'ai d\u00e9pos\u00e9 \u00e0 l'INPI la marque Les Chatons Philosophes. Sa mission : initier les enfants (6-12 ans) \u00e0 la philosophie de fa\u00e7on participative, sans oublier la complexit\u00e9 de la pens\u00e9e et de la r\u00e9flexion. J'ai r\u00e9dig\u00e9 les supports suivants : - 5 fascicules th\u00e9matiques Qu'est-ce que ? La philosophie ? La libert\u00e9 ? La justice ? La nature ? Le bonheur ? Chaque fascicule pr\u00e9sente une vue g\u00e9n\u00e9rale de la th\u00e9matique de l'Antiquit\u00e9 au vingti\u00e8me si\u00e8cle. Des philosophes majeurs des \u00e9poques concern\u00e9es exposent leur point de vue. L'ouvrage est \u00e9maill\u00e9 d'expressions philosophiques compliqu\u00e9es mais expliqu\u00e9es simplement. Leur originalit\u00e9 : + ils sont volontairement difficiles au niveau du sens mais faciles au niveau de la lecture. Par cons\u00e9quent, m\u00eame un jeune enfant peut les lire avec plaisir, sans \u00eatre rebut\u00e9. + le style est vivant. Les textes sont pr\u00e9sent\u00e9s sous forme de dialogues entre les Chatons Philosophes : ils interrogent les philosophes, r\u00e9agissent \u00e0 leurs propos et se questionnent. + \u00e0 la fin de chaque fascicule, l\u2019enfant est amen\u00e9 \u00e0 s\u2019exprimer et \u00e0 devenir un vrai petit philosophe : * la rubrique Les Chatons Philosophes s\u2019interrogent lui propose de rechercher dans le texte les mots\/expressions difficiles. Parall\u00e8lement, elle l\u2019invite \u00e0 poursuivre sa r\u00e9flexion et \u00e0 se demander comment il peut appliquer concr\u00e8tement ces id\u00e9es dans son quotidien. * la rubrique Pour terminer l\u2019atelier philo am\u00e8ne l\u2019enfant \u00e0 verbaliser : En un mot (la libert\u00e9\u2026), pour toi, c\u2019est\u2026. En une phrase (la libert\u00e9\u2026) pour toi, c\u2019est\u2026 * le dicton des Chatons Philosophes termine la lecture. - 1 semainier 2022 les Chatons Philosophes. Chaque semaine, une th\u00e9matique par ordre alphab\u00e9tique - L'Amiti\u00e9, L'amour... - et chaque jour un chat d'\u00e9crivain, de peintre, de musicien\u2026, alternant avec le Chat Myst\u00e8re\/le Chat Imaginaire donne son avis. Un espace Tes Notes est r\u00e9serv\u00e9 \u00e0 l'enfant pour qu'il note ses pens\u00e9es et poursuive sa r\u00e9flexion. Parall\u00e8lement, j'anime des ateliers en \"pr\u00e9sentiel\" principalement au domicile de parents (Paris et proche banlieue) et con\u00e7ois des jeux philosophiques.","sameAs":["http:\/\/www.leschatonsphilosophes.com"],"url":"https:\/\/www.leschatonsphilosophes.com\/index.php\/author\/admin7290\/"}]}},"_links":{"self":[{"href":"https:\/\/www.leschatonsphilosophes.com\/index.php\/wp-json\/wp\/v2\/posts\/743"}],"collection":[{"href":"https:\/\/www.leschatonsphilosophes.com\/index.php\/wp-json\/wp\/v2\/posts"}],"about":[{"href":"https:\/\/www.leschatonsphilosophes.com\/index.php\/wp-json\/wp\/v2\/types\/post"}],"author":[{"embeddable":true,"href":"https:\/\/www.leschatonsphilosophes.com\/index.php\/wp-json\/wp\/v2\/users\/1"}],"replies":[{"embeddable":true,"href":"https:\/\/www.leschatonsphilosophes.com\/index.php\/wp-json\/wp\/v2\/comments?post=743"}],"version-history":[{"count":1,"href":"https:\/\/www.leschatonsphilosophes.com\/index.php\/wp-json\/wp\/v2\/posts\/743\/revisions"}],"predecessor-version":[{"id":744,"href":"https:\/\/www.leschatonsphilosophes.com\/index.php\/wp-json\/wp\/v2\/posts\/743\/revisions\/744"}],"wp:attachment":[{"href":"https:\/\/www.leschatonsphilosophes.com\/index.php\/wp-json\/wp\/v2\/media?parent=743"}],"wp:term":[{"taxonomy":"category","embeddable":true,"href":"https:\/\/www.leschatonsphilosophes.com\/index.php\/wp-json\/wp\/v2\/categories?post=743"},{"taxonomy":"post_tag","embeddable":true,"href":"https:\/\/www.leschatonsphilosophes.com\/index.php\/wp-json\/wp\/v2\/tags?post=743"}],"curies":[{"name":"wp","href":"https:\/\/api.w.org\/{rel}","templated":true}]}}