{"id":776,"date":"2023-01-15T11:49:19","date_gmt":"2023-01-15T10:49:19","guid":{"rendered":"https:\/\/www.leschatonsphilosophes.com\/?p=776"},"modified":"2023-01-15T11:49:20","modified_gmt":"2023-01-15T10:49:20","slug":"15-janvier-la-patte-des-chatons","status":"publish","type":"post","link":"https:\/\/www.leschatonsphilosophes.com\/index.php\/2023\/01\/15\/15-janvier-la-patte-des-chatons\/","title":{"rendered":"15 JANVIER : LA PATTE DES CHATONS"},"content":{"rendered":"\n<p>En d\u00e9but d\u2019ann\u00e9e, <strong>Les Chatons Philosophes<\/strong> \u2013 <strong>AZUR<\/strong>, la f\u00e9e des songes, <strong>JADE<\/strong>, la princesse \u00e9toil\u00e9e et <strong>TH\u00c9O<\/strong>, le lutin malicieux, vous ont propos\u00e9 le premier \u00e9dito mensuel d\u00e9di\u00e9 \u00e0 la <strong>PHILOSOPHIE <\/strong>\u2013 \u00e0 retrouver en chaque d\u00e9but de mois. Vous avez d\u00e9couvert la marque <strong>LES CHATONS PHILOSOPHES<\/strong>, sa vocation et sa mission, les fascicules th\u00e9matiques et le Semainier 2022 <strong>LES CHATONS PHILOSOPHES<\/strong>, les ateliers et les jeux philosophico-f\u00e9lins\u2026 et le cr\u00e9do de nos compagnons f\u00e9lins&nbsp;:<\/p>\n\n\n\n<p>                                        <strong>Nous, on fait de la philo parce que la philo, c\u2019est rigolo\u00a0!<\/strong><\/p>\n\n\n\n<p>Le 15 de chaque mois vous d\u00e9couvrirez <strong>L\u2019\u00c9dito DES CHATONS<\/strong><strong>, informatif et participatif.<\/strong><\/p>\n\n\n\n<p><strong>IL ES<\/strong>T <strong>INFORMATIF<\/strong><\/p>\n\n\n\n<p>Vous trouverez&nbsp;:<\/p>\n\n\n\n<ul>\n<li>des anecdotes<\/li>\n\n\n\n<li>des \u00e9nigmes et des jeux<\/li>\n\n\n\n<li>des informations pratiques\u2026<\/li>\n<\/ul>\n\n\n\n<p>\u00a0\u00a0\u00a0\u00a0\u00a0 Voici la premi\u00e8re\u00a0: <\/p>\n\n\n\n<p>            <a>Lors de <strong>l\u2019adoption<\/strong> d\u2019un chat, la visite chez le v\u00e9t\u00e9rinaire est obligatoire pour v\u00e9rifier que votre compagnon ne souffre d\u2019aucune maladie et le faire vacciner \u00e0 9 semaines, \u00e0 3 et 4 mois, avec des rappels annuels. Une puce \u00e9lectronique doit lui \u00eatre implant\u00e9e pour l\u2019identifier, permettant de le retrouver en cas de disparition.<\/a><\/p>\n\n\n\n<p><strong>IL EST PARTICIPATIF<\/strong><\/p>\n\n\n\n<p><strong>LES ENFANTS, LES CHATONS PHILOSOPHES &#8211; AZUR<\/strong>, la f\u00e9e des songes, <strong>JADE<\/strong>, la princesse \u00e9toil\u00e9e et <strong>TH\u00c9O<\/strong>, le lutin malicieux <strong>&#8211; ONT BESOIN DE VOUS ET COMPTENT SUR VOUS\u00a0! <\/strong>Sachez que sans votre participation active et votre soutien \u00a0r\u00e9el, de votre famille et de vos amis \u00a0\u2013 pour les faire conna\u00eetre le plus largement possible, ils dispara\u00eetront d\u00e9finitivement en fin d\u2019ann\u00e9e 2023.<\/p>\n\n\n\n<p class=\"has-text-align-center\"><strong>COMMENT PARTICIPER ACTIVEMENT\u00a0?<\/strong><\/p>\n\n\n\n<ol type=\"1\">\n<li>Rendez-vous sur le site <a href=\"http:\/\/www.leschatonsphilosophes.com\">www.leschatonsphilosophes.com<\/a> D\u00e9couvrez toutes les prestations propos\u00e9es \u2013 les fascicules th\u00e9matiques, le semainier 2022 Les Chatons Philosophes*, les figurines et les autocollants et <strong>ACHETEZ-LES&nbsp;! <\/strong>Commandez \u00e0 <a href=\"mailto:leschatonsphilosophes@gmail.com\">leschatonsphilosophes@gmail.com<\/a><\/li>\n\n\n\n<li>Pour les enfants habitant \u00e0 Paris et en proche banlieue, des <strong>ateliers <\/strong>au domicile familial sont organis\u00e9s. Pour toutes informations et inscriptions&nbsp;: <a href=\"mailto:leschatonsphilosophes@gmail.com\">leschatonsphilosophes@gmail.com<\/a><\/li>\n\n\n\n<li>Un <strong>concours de recettes philosophico-f\u00e9lines<\/strong> est lanc\u00e9 depuis le d\u00e9but du mois. D\u00e9couvrez-le sur le blog du 3&nbsp;janvier mais n\u2019h\u00e9sitez pas \u00e0 le demander \u00e0&nbsp;: <a href=\"mailto:leschatonsphilosophes@gmail.com\">leschatonsphilosophes@gmail.com<\/a><\/li>\n\n\n\n<li>J\u2019ai \u00e9crit <strong>L\u2019ORACLE DES CHATONS PHILOSOPHES<\/strong> (cartes + texte). Pour le moment, je n\u2019ai trouv\u00e9 aucun \u00e9diteur. Il est donc fabriqu\u00e9 artisanalement, mais l\u00e0 aussi, vous pouvez participer activement \u00e0 la visibilit\u00e9 des Chatons Philosophes en le commandant \u00e0 <a href=\"mailto:leschatonsphilosophes@gmail.com\">leschatonsphilosophe@gmail.<\/a> Il sera propos\u00e9 \u00e0 un prix r\u00e9duit, accompagn\u00e9 d\u2019une figurine des Chatons Philosophes. Une version 2024 est en pr\u00e9paration.<\/li>\n<\/ol>\n\n\n\n<p>                                                              <strong>PARTICIPEZ ACTIVEMENT\u00a0:<\/strong><\/p>\n\n\n\n<p class=\"has-text-align-center\">DONNEZ DE LA VISIBILIT\u00c9 TOUS AZIMUTS AUX CHATONS PHILOSOPHES<\/p>\n\n\n\n<p class=\"has-text-align-center\">FAITES CONNA\u00ceTRE LE PLUS LARGEMENT POSSIBLE LES CHATONS PHILOSOPHES<\/p>\n\n\n\n<p class=\"has-text-align-center\">PARTAGEZ LE PLUS LARGEMENT POSSIBLE SUR TOUS VOS R\u00c9SEAUX<br><strong>D&rsquo;AVANCE UN TR\u00c8S TR\u00c8S GRAND MERCI !!!!!!!!<\/strong><\/p>\n\n\n\n<p>Rendez-vous quotidiennement sur le <strong>blog du site, la page Facebook Les Chatons Philosophes et LinkedIn<\/strong> pour retrouver les rubriques d\u00e9j\u00e0 existantes en 2022 et d\u00e9couvrir les nouvelles\u00a0en 2023.<\/p>\n\n\n\n<p>Pour conclure ce premier <strong>\u00e9dito des chat<\/strong>, <strong>Les Chatons Philosophes<\/strong> vous invitent \u00e0 m\u00e9diter sur la pens\u00e9e du <strong>CHAT IMAGINAIRE<\/strong>, extraite du <strong>SEMAINIER 2022 LES CHATONS PHILOSOPHES<\/strong>, cl\u00f4turant la semaine d\u00e9di\u00e9e \u00e0 <strong>l\u2019AMITI\u00c9<\/strong><\/p>\n\n\n\n<p>                                              \u00catre l\u2019ami d\u2019un humain, toujours.<\/p>\n\n\n\n<p>                                                   \u00catre son esclave, jamais.<\/p>\n","protected":false},"excerpt":{"rendered":"<p>En d\u00e9but d\u2019ann\u00e9e, Les Chatons Philosophes \u2013 AZUR, la f\u00e9e des songes, JADE, la princesse \u00e9toil\u00e9e et TH\u00c9O, le lutin malicieux, vous ont propos\u00e9 le premier \u00e9dito mensuel d\u00e9di\u00e9 \u00e0 la PHILOSOPHIE \u2013 \u00e0 retrouver en chaque d\u00e9but de mois. Vous avez d\u00e9couvert la marque LES CHATONS PHILOSOPHES, sa vocation et sa mission, les fascicules [&hellip;]<\/p>\n","protected":false},"author":1,"featured_media":0,"comment_status":"open","ping_status":"open","sticky":false,"template":"","format":"standard","meta":[],"categories":[1],"tags":[21,22,27,24,23,28],"yoast_head":"<!-- This site is optimized with the Yoast SEO plugin v19.7.1 - https:\/\/yoast.com\/wordpress\/plugins\/seo\/ -->\n<title>15 JANVIER : LA PATTE DES CHATONS - Les chatons philosophes<\/title>\n<meta name=\"robots\" content=\"index, follow, max-snippet:-1, max-image-preview:large, max-video-preview:-1\" \/>\n<link rel=\"canonical\" href=\"https:\/\/www.leschatonsphilosophes.com\/index.php\/2023\/01\/15\/15-janvier-la-patte-des-chatons\/\" \/>\n<meta property=\"og:locale\" content=\"fr_FR\" \/>\n<meta property=\"og:type\" content=\"article\" \/>\n<meta property=\"og:title\" content=\"15 JANVIER : LA PATTE DES CHATONS - Les chatons philosophes\" \/>\n<meta property=\"og:description\" content=\"En d\u00e9but d\u2019ann\u00e9e, Les Chatons Philosophes \u2013 AZUR, la f\u00e9e des songes, JADE, la princesse \u00e9toil\u00e9e et TH\u00c9O, le lutin malicieux, vous ont propos\u00e9 le premier \u00e9dito mensuel d\u00e9di\u00e9 \u00e0 la PHILOSOPHIE \u2013 \u00e0 retrouver en chaque d\u00e9but de mois. Vous avez d\u00e9couvert la marque LES CHATONS PHILOSOPHES, sa vocation et sa mission, les fascicules [&hellip;]\" \/>\n<meta property=\"og:url\" content=\"https:\/\/www.leschatonsphilosophes.com\/index.php\/2023\/01\/15\/15-janvier-la-patte-des-chatons\/\" \/>\n<meta property=\"og:site_name\" content=\"Les chatons philosophes\" \/>\n<meta property=\"article:published_time\" content=\"2023-01-15T10:49:19+00:00\" \/>\n<meta property=\"article:modified_time\" content=\"2023-01-15T10:49:20+00:00\" \/>\n<meta name=\"author\" content=\"Christine\" \/>\n<meta name=\"twitter:card\" content=\"summary_large_image\" \/>\n<meta name=\"twitter:label1\" content=\"\u00c9crit par\" \/>\n\t<meta name=\"twitter:data1\" content=\"Christine\" \/>\n\t<meta name=\"twitter:label2\" content=\"Dur\u00e9e de lecture estim\u00e9e\" \/>\n\t<meta name=\"twitter:data2\" content=\"3 minutes\" \/>\n<script type=\"application\/ld+json\" class=\"yoast-schema-graph\">{\"@context\":\"https:\/\/schema.org\",\"@graph\":[{\"@type\":\"Article\",\"@id\":\"https:\/\/www.leschatonsphilosophes.com\/index.php\/2023\/01\/15\/15-janvier-la-patte-des-chatons\/#article\",\"isPartOf\":{\"@id\":\"https:\/\/www.leschatonsphilosophes.com\/index.php\/2023\/01\/15\/15-janvier-la-patte-des-chatons\/\"},\"author\":{\"name\":\"Christine\",\"@id\":\"https:\/\/www.leschatonsphilosophes.com\/#\/schema\/person\/4e417a454dca85af0032eaba20d84675\"},\"headline\":\"15 JANVIER : LA PATTE DES CHATONS\",\"datePublished\":\"2023-01-15T10:49:19+00:00\",\"dateModified\":\"2023-01-15T10:49:20+00:00\",\"mainEntityOfPage\":{\"@id\":\"https:\/\/www.leschatonsphilosophes.com\/index.php\/2023\/01\/15\/15-janvier-la-patte-des-chatons\/\"},\"wordCount\":538,\"commentCount\":0,\"publisher\":{\"@id\":\"https:\/\/www.leschatonsphilosophes.com\/#organization\"},\"keywords\":[\"chats\",\"enfants\",\"fascicules th\u00e9matiques\",\"jeunesse\",\"philosophie\",\"semainier les Chatons philosophes\"],\"inLanguage\":\"fr-FR\",\"potentialAction\":[{\"@type\":\"CommentAction\",\"name\":\"Comment\",\"target\":[\"https:\/\/www.leschatonsphilosophes.com\/index.php\/2023\/01\/15\/15-janvier-la-patte-des-chatons\/#respond\"]}]},{\"@type\":\"WebPage\",\"@id\":\"https:\/\/www.leschatonsphilosophes.com\/index.php\/2023\/01\/15\/15-janvier-la-patte-des-chatons\/\",\"url\":\"https:\/\/www.leschatonsphilosophes.com\/index.php\/2023\/01\/15\/15-janvier-la-patte-des-chatons\/\",\"name\":\"15 JANVIER : LA PATTE DES CHATONS - Les chatons philosophes\",\"isPartOf\":{\"@id\":\"https:\/\/www.leschatonsphilosophes.com\/#website\"},\"datePublished\":\"2023-01-15T10:49:19+00:00\",\"dateModified\":\"2023-01-15T10:49:20+00:00\",\"breadcrumb\":{\"@id\":\"https:\/\/www.leschatonsphilosophes.com\/index.php\/2023\/01\/15\/15-janvier-la-patte-des-chatons\/#breadcrumb\"},\"inLanguage\":\"fr-FR\",\"potentialAction\":[{\"@type\":\"ReadAction\",\"target\":[\"https:\/\/www.leschatonsphilosophes.com\/index.php\/2023\/01\/15\/15-janvier-la-patte-des-chatons\/\"]}]},{\"@type\":\"BreadcrumbList\",\"@id\":\"https:\/\/www.leschatonsphilosophes.com\/index.php\/2023\/01\/15\/15-janvier-la-patte-des-chatons\/#breadcrumb\",\"itemListElement\":[{\"@type\":\"ListItem\",\"position\":1,\"name\":\"Accueil\",\"item\":\"https:\/\/www.leschatonsphilosophes.com\/\"},{\"@type\":\"ListItem\",\"position\":2,\"name\":\"15 JANVIER : LA PATTE DES CHATONS\"}]},{\"@type\":\"WebSite\",\"@id\":\"https:\/\/www.leschatonsphilosophes.com\/#website\",\"url\":\"https:\/\/www.leschatonsphilosophes.com\/\",\"name\":\"Les chatons philosophes\",\"description\":\"\",\"publisher\":{\"@id\":\"https:\/\/www.leschatonsphilosophes.com\/#organization\"},\"potentialAction\":[{\"@type\":\"SearchAction\",\"target\":{\"@type\":\"EntryPoint\",\"urlTemplate\":\"https:\/\/www.leschatonsphilosophes.com\/?s={search_term_string}\"},\"query-input\":\"required name=search_term_string\"}],\"inLanguage\":\"fr-FR\"},{\"@type\":\"Organization\",\"@id\":\"https:\/\/www.leschatonsphilosophes.com\/#organization\",\"name\":\"Les chatons philosophes\",\"url\":\"https:\/\/www.leschatonsphilosophes.com\/\",\"sameAs\":[],\"logo\":{\"@type\":\"ImageObject\",\"inLanguage\":\"fr-FR\",\"@id\":\"https:\/\/www.leschatonsphilosophes.com\/#\/schema\/logo\/image\/\",\"url\":\"https:\/\/www.leschatonsphilosophes.com\/wp-content\/uploads\/2022\/04\/chatons.jpg\",\"contentUrl\":\"https:\/\/www.leschatonsphilosophes.com\/wp-content\/uploads\/2022\/04\/chatons.jpg\",\"width\":1905,\"height\":361,\"caption\":\"Les chatons philosophes\"},\"image\":{\"@id\":\"https:\/\/www.leschatonsphilosophes.com\/#\/schema\/logo\/image\/\"}},{\"@type\":\"Person\",\"@id\":\"https:\/\/www.leschatonsphilosophes.com\/#\/schema\/person\/4e417a454dca85af0032eaba20d84675\",\"name\":\"Christine\",\"image\":{\"@type\":\"ImageObject\",\"inLanguage\":\"fr-FR\",\"@id\":\"https:\/\/www.leschatonsphilosophes.com\/#\/schema\/person\/image\/\",\"url\":\"https:\/\/secure.gravatar.com\/avatar\/62f3f09883f1047005c692cdd418e7c5?s=96&d=mm&r=g\",\"contentUrl\":\"https:\/\/secure.gravatar.com\/avatar\/62f3f09883f1047005c692cdd418e7c5?s=96&d=mm&r=g\",\"caption\":\"Christine\"},\"description\":\"En 2019, j'ai d\u00e9pos\u00e9 \u00e0 l'INPI la marque Les Chatons Philosophes. Sa mission : initier les enfants (6-12 ans) \u00e0 la philosophie de fa\u00e7on participative, sans oublier la complexit\u00e9 de la pens\u00e9e et de la r\u00e9flexion. J'ai r\u00e9dig\u00e9 les supports suivants : - 5 fascicules th\u00e9matiques Qu'est-ce que ? La philosophie ? La libert\u00e9 ? La justice ? La nature ? Le bonheur ? Chaque fascicule pr\u00e9sente une vue g\u00e9n\u00e9rale de la th\u00e9matique de l'Antiquit\u00e9 au vingti\u00e8me si\u00e8cle. Des philosophes majeurs des \u00e9poques concern\u00e9es exposent leur point de vue. L'ouvrage est \u00e9maill\u00e9 d'expressions philosophiques compliqu\u00e9es mais expliqu\u00e9es simplement. Leur originalit\u00e9 : + ils sont volontairement difficiles au niveau du sens mais faciles au niveau de la lecture. Par cons\u00e9quent, m\u00eame un jeune enfant peut les lire avec plaisir, sans \u00eatre rebut\u00e9. + le style est vivant. Les textes sont pr\u00e9sent\u00e9s sous forme de dialogues entre les Chatons Philosophes : ils interrogent les philosophes, r\u00e9agissent \u00e0 leurs propos et se questionnent. + \u00e0 la fin de chaque fascicule, l\u2019enfant est amen\u00e9 \u00e0 s\u2019exprimer et \u00e0 devenir un vrai petit philosophe : * la rubrique Les Chatons Philosophes s\u2019interrogent lui propose de rechercher dans le texte les mots\/expressions difficiles. Parall\u00e8lement, elle l\u2019invite \u00e0 poursuivre sa r\u00e9flexion et \u00e0 se demander comment il peut appliquer concr\u00e8tement ces id\u00e9es dans son quotidien. * la rubrique Pour terminer l\u2019atelier philo am\u00e8ne l\u2019enfant \u00e0 verbaliser : En un mot (la libert\u00e9\u2026), pour toi, c\u2019est\u2026. En une phrase (la libert\u00e9\u2026) pour toi, c\u2019est\u2026 * le dicton des Chatons Philosophes termine la lecture. - 1 semainier 2022 les Chatons Philosophes. Chaque semaine, une th\u00e9matique par ordre alphab\u00e9tique - L'Amiti\u00e9, L'amour... - et chaque jour un chat d'\u00e9crivain, de peintre, de musicien\u2026, alternant avec le Chat Myst\u00e8re\/le Chat Imaginaire donne son avis. Un espace Tes Notes est r\u00e9serv\u00e9 \u00e0 l'enfant pour qu'il note ses pens\u00e9es et poursuive sa r\u00e9flexion. Parall\u00e8lement, j'anime des ateliers en \\\"pr\u00e9sentiel\\\" principalement au domicile de parents (Paris et proche banlieue) et con\u00e7ois des jeux philosophiques.\",\"sameAs\":[\"http:\/\/www.leschatonsphilosophes.com\"],\"url\":\"https:\/\/www.leschatonsphilosophes.com\/index.php\/author\/admin7290\/\"}]}<\/script>\n<!-- \/ Yoast SEO plugin. -->","yoast_head_json":{"title":"15 JANVIER : LA PATTE DES CHATONS - Les chatons philosophes","robots":{"index":"index","follow":"follow","max-snippet":"max-snippet:-1","max-image-preview":"max-image-preview:large","max-video-preview":"max-video-preview:-1"},"canonical":"https:\/\/www.leschatonsphilosophes.com\/index.php\/2023\/01\/15\/15-janvier-la-patte-des-chatons\/","og_locale":"fr_FR","og_type":"article","og_title":"15 JANVIER : LA PATTE DES CHATONS - Les chatons philosophes","og_description":"En d\u00e9but d\u2019ann\u00e9e, Les Chatons Philosophes \u2013 AZUR, la f\u00e9e des songes, JADE, la princesse \u00e9toil\u00e9e et TH\u00c9O, le lutin malicieux, vous ont propos\u00e9 le premier \u00e9dito mensuel d\u00e9di\u00e9 \u00e0 la PHILOSOPHIE \u2013 \u00e0 retrouver en chaque d\u00e9but de mois. Vous avez d\u00e9couvert la marque LES CHATONS PHILOSOPHES, sa vocation et sa mission, les fascicules [&hellip;]","og_url":"https:\/\/www.leschatonsphilosophes.com\/index.php\/2023\/01\/15\/15-janvier-la-patte-des-chatons\/","og_site_name":"Les chatons philosophes","article_published_time":"2023-01-15T10:49:19+00:00","article_modified_time":"2023-01-15T10:49:20+00:00","author":"Christine","twitter_card":"summary_large_image","twitter_misc":{"\u00c9crit par":"Christine","Dur\u00e9e de lecture estim\u00e9e":"3 minutes"},"schema":{"@context":"https:\/\/schema.org","@graph":[{"@type":"Article","@id":"https:\/\/www.leschatonsphilosophes.com\/index.php\/2023\/01\/15\/15-janvier-la-patte-des-chatons\/#article","isPartOf":{"@id":"https:\/\/www.leschatonsphilosophes.com\/index.php\/2023\/01\/15\/15-janvier-la-patte-des-chatons\/"},"author":{"name":"Christine","@id":"https:\/\/www.leschatonsphilosophes.com\/#\/schema\/person\/4e417a454dca85af0032eaba20d84675"},"headline":"15 JANVIER : LA PATTE DES CHATONS","datePublished":"2023-01-15T10:49:19+00:00","dateModified":"2023-01-15T10:49:20+00:00","mainEntityOfPage":{"@id":"https:\/\/www.leschatonsphilosophes.com\/index.php\/2023\/01\/15\/15-janvier-la-patte-des-chatons\/"},"wordCount":538,"commentCount":0,"publisher":{"@id":"https:\/\/www.leschatonsphilosophes.com\/#organization"},"keywords":["chats","enfants","fascicules th\u00e9matiques","jeunesse","philosophie","semainier les Chatons philosophes"],"inLanguage":"fr-FR","potentialAction":[{"@type":"CommentAction","name":"Comment","target":["https:\/\/www.leschatonsphilosophes.com\/index.php\/2023\/01\/15\/15-janvier-la-patte-des-chatons\/#respond"]}]},{"@type":"WebPage","@id":"https:\/\/www.leschatonsphilosophes.com\/index.php\/2023\/01\/15\/15-janvier-la-patte-des-chatons\/","url":"https:\/\/www.leschatonsphilosophes.com\/index.php\/2023\/01\/15\/15-janvier-la-patte-des-chatons\/","name":"15 JANVIER : LA PATTE DES CHATONS - Les chatons philosophes","isPartOf":{"@id":"https:\/\/www.leschatonsphilosophes.com\/#website"},"datePublished":"2023-01-15T10:49:19+00:00","dateModified":"2023-01-15T10:49:20+00:00","breadcrumb":{"@id":"https:\/\/www.leschatonsphilosophes.com\/index.php\/2023\/01\/15\/15-janvier-la-patte-des-chatons\/#breadcrumb"},"inLanguage":"fr-FR","potentialAction":[{"@type":"ReadAction","target":["https:\/\/www.leschatonsphilosophes.com\/index.php\/2023\/01\/15\/15-janvier-la-patte-des-chatons\/"]}]},{"@type":"BreadcrumbList","@id":"https:\/\/www.leschatonsphilosophes.com\/index.php\/2023\/01\/15\/15-janvier-la-patte-des-chatons\/#breadcrumb","itemListElement":[{"@type":"ListItem","position":1,"name":"Accueil","item":"https:\/\/www.leschatonsphilosophes.com\/"},{"@type":"ListItem","position":2,"name":"15 JANVIER : LA PATTE DES CHATONS"}]},{"@type":"WebSite","@id":"https:\/\/www.leschatonsphilosophes.com\/#website","url":"https:\/\/www.leschatonsphilosophes.com\/","name":"Les chatons philosophes","description":"","publisher":{"@id":"https:\/\/www.leschatonsphilosophes.com\/#organization"},"potentialAction":[{"@type":"SearchAction","target":{"@type":"EntryPoint","urlTemplate":"https:\/\/www.leschatonsphilosophes.com\/?s={search_term_string}"},"query-input":"required name=search_term_string"}],"inLanguage":"fr-FR"},{"@type":"Organization","@id":"https:\/\/www.leschatonsphilosophes.com\/#organization","name":"Les chatons philosophes","url":"https:\/\/www.leschatonsphilosophes.com\/","sameAs":[],"logo":{"@type":"ImageObject","inLanguage":"fr-FR","@id":"https:\/\/www.leschatonsphilosophes.com\/#\/schema\/logo\/image\/","url":"https:\/\/www.leschatonsphilosophes.com\/wp-content\/uploads\/2022\/04\/chatons.jpg","contentUrl":"https:\/\/www.leschatonsphilosophes.com\/wp-content\/uploads\/2022\/04\/chatons.jpg","width":1905,"height":361,"caption":"Les chatons philosophes"},"image":{"@id":"https:\/\/www.leschatonsphilosophes.com\/#\/schema\/logo\/image\/"}},{"@type":"Person","@id":"https:\/\/www.leschatonsphilosophes.com\/#\/schema\/person\/4e417a454dca85af0032eaba20d84675","name":"Christine","image":{"@type":"ImageObject","inLanguage":"fr-FR","@id":"https:\/\/www.leschatonsphilosophes.com\/#\/schema\/person\/image\/","url":"https:\/\/secure.gravatar.com\/avatar\/62f3f09883f1047005c692cdd418e7c5?s=96&d=mm&r=g","contentUrl":"https:\/\/secure.gravatar.com\/avatar\/62f3f09883f1047005c692cdd418e7c5?s=96&d=mm&r=g","caption":"Christine"},"description":"En 2019, j'ai d\u00e9pos\u00e9 \u00e0 l'INPI la marque Les Chatons Philosophes. Sa mission : initier les enfants (6-12 ans) \u00e0 la philosophie de fa\u00e7on participative, sans oublier la complexit\u00e9 de la pens\u00e9e et de la r\u00e9flexion. J'ai r\u00e9dig\u00e9 les supports suivants : - 5 fascicules th\u00e9matiques Qu'est-ce que ? La philosophie ? La libert\u00e9 ? La justice ? La nature ? Le bonheur ? Chaque fascicule pr\u00e9sente une vue g\u00e9n\u00e9rale de la th\u00e9matique de l'Antiquit\u00e9 au vingti\u00e8me si\u00e8cle. Des philosophes majeurs des \u00e9poques concern\u00e9es exposent leur point de vue. L'ouvrage est \u00e9maill\u00e9 d'expressions philosophiques compliqu\u00e9es mais expliqu\u00e9es simplement. Leur originalit\u00e9 : + ils sont volontairement difficiles au niveau du sens mais faciles au niveau de la lecture. Par cons\u00e9quent, m\u00eame un jeune enfant peut les lire avec plaisir, sans \u00eatre rebut\u00e9. + le style est vivant. Les textes sont pr\u00e9sent\u00e9s sous forme de dialogues entre les Chatons Philosophes : ils interrogent les philosophes, r\u00e9agissent \u00e0 leurs propos et se questionnent. + \u00e0 la fin de chaque fascicule, l\u2019enfant est amen\u00e9 \u00e0 s\u2019exprimer et \u00e0 devenir un vrai petit philosophe : * la rubrique Les Chatons Philosophes s\u2019interrogent lui propose de rechercher dans le texte les mots\/expressions difficiles. Parall\u00e8lement, elle l\u2019invite \u00e0 poursuivre sa r\u00e9flexion et \u00e0 se demander comment il peut appliquer concr\u00e8tement ces id\u00e9es dans son quotidien. * la rubrique Pour terminer l\u2019atelier philo am\u00e8ne l\u2019enfant \u00e0 verbaliser : En un mot (la libert\u00e9\u2026), pour toi, c\u2019est\u2026. En une phrase (la libert\u00e9\u2026) pour toi, c\u2019est\u2026 * le dicton des Chatons Philosophes termine la lecture. - 1 semainier 2022 les Chatons Philosophes. Chaque semaine, une th\u00e9matique par ordre alphab\u00e9tique - L'Amiti\u00e9, L'amour... - et chaque jour un chat d'\u00e9crivain, de peintre, de musicien\u2026, alternant avec le Chat Myst\u00e8re\/le Chat Imaginaire donne son avis. Un espace Tes Notes est r\u00e9serv\u00e9 \u00e0 l'enfant pour qu'il note ses pens\u00e9es et poursuive sa r\u00e9flexion. Parall\u00e8lement, j'anime des ateliers en \"pr\u00e9sentiel\" principalement au domicile de parents (Paris et proche banlieue) et con\u00e7ois des jeux philosophiques.","sameAs":["http:\/\/www.leschatonsphilosophes.com"],"url":"https:\/\/www.leschatonsphilosophes.com\/index.php\/author\/admin7290\/"}]}},"_links":{"self":[{"href":"https:\/\/www.leschatonsphilosophes.com\/index.php\/wp-json\/wp\/v2\/posts\/776"}],"collection":[{"href":"https:\/\/www.leschatonsphilosophes.com\/index.php\/wp-json\/wp\/v2\/posts"}],"about":[{"href":"https:\/\/www.leschatonsphilosophes.com\/index.php\/wp-json\/wp\/v2\/types\/post"}],"author":[{"embeddable":true,"href":"https:\/\/www.leschatonsphilosophes.com\/index.php\/wp-json\/wp\/v2\/users\/1"}],"replies":[{"embeddable":true,"href":"https:\/\/www.leschatonsphilosophes.com\/index.php\/wp-json\/wp\/v2\/comments?post=776"}],"version-history":[{"count":1,"href":"https:\/\/www.leschatonsphilosophes.com\/index.php\/wp-json\/wp\/v2\/posts\/776\/revisions"}],"predecessor-version":[{"id":777,"href":"https:\/\/www.leschatonsphilosophes.com\/index.php\/wp-json\/wp\/v2\/posts\/776\/revisions\/777"}],"wp:attachment":[{"href":"https:\/\/www.leschatonsphilosophes.com\/index.php\/wp-json\/wp\/v2\/media?parent=776"}],"wp:term":[{"taxonomy":"category","embeddable":true,"href":"https:\/\/www.leschatonsphilosophes.com\/index.php\/wp-json\/wp\/v2\/categories?post=776"},{"taxonomy":"post_tag","embeddable":true,"href":"https:\/\/www.leschatonsphilosophes.com\/index.php\/wp-json\/wp\/v2\/tags?post=776"}],"curies":[{"name":"wp","href":"https:\/\/api.w.org\/{rel}","templated":true}]}}