{"id":784,"date":"2023-01-18T09:09:43","date_gmt":"2023-01-18T08:09:43","guid":{"rendered":"https:\/\/www.leschatonsphilosophes.com\/?p=784"},"modified":"2023-01-18T09:09:44","modified_gmt":"2023-01-18T08:09:44","slug":"18-janvier-la-patte-des-chatons","status":"publish","type":"post","link":"https:\/\/www.leschatonsphilosophes.com\/index.php\/2023\/01\/18\/18-janvier-la-patte-des-chatons\/","title":{"rendered":"18 JANVIER : LA PATTE DES CHATONS"},"content":{"rendered":"\n<p class=\"has-text-align-center has-vivid-cyan-blue-color has-text-color\"><strong>LE MERCREDI, C\u2019EST LE JOUR DE<\/strong><\/p>\n\n\n\n<p class=\"has-text-align-center has-vivid-cyan-blue-color has-text-color\"><strong>LA PENS\u00c9E PHILOSOPHIQUE\u2026<\/strong><\/p>\n\n\n\n<p class=\"has-text-align-center has-vivid-cyan-blue-color has-text-color\"><strong>DES CHATONS PHILOSOPHES<\/strong><\/p>\n\n\n\n<p class=\"has-text-align-center has-vivid-cyan-blue-color has-text-color\"><strong>\u00c0 M\u00c9DITER<\/strong><\/p>\n\n\n\n<p class=\"has-vivid-red-color has-text-color\"><strong>Jade la princesse \u00e9toil\u00e9e<\/strong>, <strong>Th\u00e9o le lutin malicieux,<\/strong> <strong>Azur la f\u00e9e des songes <\/strong><\/p>\n\n\n\n<p>vous invitent \u00e0 r\u00e9fl\u00e9chir sur la pens\u00e9e du <strong>Chat Imaginaire<\/strong>, extraite du <strong>Semainier 2002 Les Chatons Philosophes<\/strong>*, la semaine actuelle se d\u00e9roulant sous les auspices de L\u2019AMOUR\u00a0:<\/p>\n\n\n\n<p class=\"has-text-align-center\">\u00ab\u00a0Comment imaginer son amour\u00a0? En se faufilant dans les r\u00eaves des enfants et en les prot\u00e9geant \u00a0\u00a0\u00a0\u00a0\u00a0contre les cauchemars. \u00bb<\/p>\n\n\n\n<p>N&rsquo;h\u00e9sitez pas \u00e0 vous rendre sur notre site, <strong><a href=\"file:\/\/\/C:\/Users\/chris\/Desktop\/Les%20Chatons%20Philosophes%202023\/contenus%20blog%202023\/janvier\/www.leschatonsphilosophes.com\">www.leschatonsphilosophes.com<\/a><\/strong> pour d\u00e9couvrir le semainier, les fascicules cr\u00e9\u00e9s, les ateliers propos\u00e9s &#8211; s&rsquo;adressant aussi bien aux parents et enfants qu&rsquo;aux entreprises &#8211; et \u00e0 me contacter \u00e0<\/p>\n\n\n\n<p>&nbsp;&nbsp;&nbsp;&nbsp;&nbsp;&nbsp;&nbsp;&nbsp;&nbsp;&nbsp;&nbsp;&nbsp;&nbsp;&nbsp;&nbsp;&nbsp;&nbsp;&nbsp;&nbsp;&nbsp;&nbsp;&nbsp;&nbsp;&nbsp;&nbsp;&nbsp;&nbsp;&nbsp;&nbsp;&nbsp;&nbsp;&nbsp;&nbsp;&nbsp;&nbsp;&nbsp;&nbsp; &nbsp;<strong>leschatonsphilosophes@gmail.com<\/strong><\/p>\n\n\n\n<p>pour tout renseignement et achat !! N\u2019oubliez pas de participer au concours de recettes lanc\u00e9 en d\u00e9but de mois. Nous attendons vos cr\u00e9ations avec impatience\u00a0!<\/p>\n\n\n\n<p>Faites-nous part de vos envies, observations, suggestions. <strong>Les Chatons Philosophes<\/strong> <strong>&nbsp;<\/strong>\u2013&nbsp; <strong>Jade la princesse \u00e9toil\u00e9e<\/strong>, <strong>Th\u00e9o le lutin malicieux,<\/strong> <strong>Azur la f\u00e9e des songes <\/strong>\u2013 et leur compagne humaine seront heureuses de tout mettre en \u0153uvre pour les concr\u00e9tiser.<\/p>\n\n\n\n<p class=\"has-text-align-center has-vivid-green-cyan-color has-text-color\"><strong>ET PARTAGEZ, PARTAGEZ, PARTAGEZ\u00a0 POUR NOUS DONNER DE LA VISIBILIT\u00c9 <\/strong><\/p>\n\n\n\n<p class=\"has-text-align-center has-vivid-green-cyan-color has-text-color\"><strong>ET NOUS PERMETTRE D\u2019EXISTER!!!!!!!!!!!<\/strong><\/p>\n\n\n\n<p><strong>&nbsp;&nbsp; * Il nous reste des exemplaires que nous vous <u>donnons gratuitement<\/u> contre l\u2019achat des cinq fascicules th\u00e9matiques et\/ou d\u2019un ou plusieurs fascicules avec les 3 figurines et la planche d\u2019autocollants.<\/strong><\/p>\n","protected":false},"excerpt":{"rendered":"<p>LE MERCREDI, C\u2019EST LE JOUR DE LA PENS\u00c9E PHILOSOPHIQUE\u2026 DES CHATONS PHILOSOPHES \u00c0 M\u00c9DITER Jade la princesse \u00e9toil\u00e9e, Th\u00e9o le lutin malicieux, Azur la f\u00e9e des songes vous invitent \u00e0 r\u00e9fl\u00e9chir sur la pens\u00e9e du Chat Imaginaire, extraite du Semainier 2002 Les Chatons Philosophes*, la semaine actuelle se d\u00e9roulant sous les auspices de L\u2019AMOUR\u00a0: \u00ab\u00a0Comment [&hellip;]<\/p>\n","protected":false},"author":1,"featured_media":0,"comment_status":"open","ping_status":"open","sticky":false,"template":"","format":"standard","meta":[],"categories":[1],"tags":[],"yoast_head":"<!-- This site is optimized with the Yoast SEO plugin v19.7.1 - https:\/\/yoast.com\/wordpress\/plugins\/seo\/ -->\n<title>18 JANVIER : LA PATTE DES CHATONS - Les chatons philosophes<\/title>\n<meta name=\"robots\" content=\"index, follow, max-snippet:-1, max-image-preview:large, max-video-preview:-1\" \/>\n<link rel=\"canonical\" href=\"https:\/\/www.leschatonsphilosophes.com\/index.php\/2023\/01\/18\/18-janvier-la-patte-des-chatons\/\" \/>\n<meta property=\"og:locale\" content=\"fr_FR\" \/>\n<meta property=\"og:type\" content=\"article\" \/>\n<meta property=\"og:title\" content=\"18 JANVIER : LA PATTE DES CHATONS - Les chatons philosophes\" \/>\n<meta property=\"og:description\" content=\"LE MERCREDI, C\u2019EST LE JOUR DE LA PENS\u00c9E PHILOSOPHIQUE\u2026 DES CHATONS PHILOSOPHES \u00c0 M\u00c9DITER Jade la princesse \u00e9toil\u00e9e, Th\u00e9o le lutin malicieux, Azur la f\u00e9e des songes vous invitent \u00e0 r\u00e9fl\u00e9chir sur la pens\u00e9e du Chat Imaginaire, extraite du Semainier 2002 Les Chatons Philosophes*, la semaine actuelle se d\u00e9roulant sous les auspices de L\u2019AMOUR\u00a0: \u00ab\u00a0Comment [&hellip;]\" \/>\n<meta property=\"og:url\" content=\"https:\/\/www.leschatonsphilosophes.com\/index.php\/2023\/01\/18\/18-janvier-la-patte-des-chatons\/\" \/>\n<meta property=\"og:site_name\" content=\"Les chatons philosophes\" \/>\n<meta property=\"article:published_time\" content=\"2023-01-18T08:09:43+00:00\" \/>\n<meta property=\"article:modified_time\" content=\"2023-01-18T08:09:44+00:00\" \/>\n<meta name=\"author\" content=\"Christine\" \/>\n<meta name=\"twitter:card\" content=\"summary_large_image\" \/>\n<meta name=\"twitter:label1\" content=\"\u00c9crit par\" \/>\n\t<meta name=\"twitter:data1\" content=\"Christine\" \/>\n\t<meta name=\"twitter:label2\" content=\"Dur\u00e9e de lecture estim\u00e9e\" \/>\n\t<meta name=\"twitter:data2\" content=\"1 minute\" \/>\n<script type=\"application\/ld+json\" class=\"yoast-schema-graph\">{\"@context\":\"https:\/\/schema.org\",\"@graph\":[{\"@type\":\"Article\",\"@id\":\"https:\/\/www.leschatonsphilosophes.com\/index.php\/2023\/01\/18\/18-janvier-la-patte-des-chatons\/#article\",\"isPartOf\":{\"@id\":\"https:\/\/www.leschatonsphilosophes.com\/index.php\/2023\/01\/18\/18-janvier-la-patte-des-chatons\/\"},\"author\":{\"name\":\"Christine\",\"@id\":\"https:\/\/www.leschatonsphilosophes.com\/#\/schema\/person\/4e417a454dca85af0032eaba20d84675\"},\"headline\":\"18 JANVIER : LA PATTE DES CHATONS\",\"datePublished\":\"2023-01-18T08:09:43+00:00\",\"dateModified\":\"2023-01-18T08:09:44+00:00\",\"mainEntityOfPage\":{\"@id\":\"https:\/\/www.leschatonsphilosophes.com\/index.php\/2023\/01\/18\/18-janvier-la-patte-des-chatons\/\"},\"wordCount\":287,\"commentCount\":0,\"publisher\":{\"@id\":\"https:\/\/www.leschatonsphilosophes.com\/#organization\"},\"inLanguage\":\"fr-FR\",\"potentialAction\":[{\"@type\":\"CommentAction\",\"name\":\"Comment\",\"target\":[\"https:\/\/www.leschatonsphilosophes.com\/index.php\/2023\/01\/18\/18-janvier-la-patte-des-chatons\/#respond\"]}]},{\"@type\":\"WebPage\",\"@id\":\"https:\/\/www.leschatonsphilosophes.com\/index.php\/2023\/01\/18\/18-janvier-la-patte-des-chatons\/\",\"url\":\"https:\/\/www.leschatonsphilosophes.com\/index.php\/2023\/01\/18\/18-janvier-la-patte-des-chatons\/\",\"name\":\"18 JANVIER : LA PATTE DES CHATONS - Les chatons philosophes\",\"isPartOf\":{\"@id\":\"https:\/\/www.leschatonsphilosophes.com\/#website\"},\"datePublished\":\"2023-01-18T08:09:43+00:00\",\"dateModified\":\"2023-01-18T08:09:44+00:00\",\"breadcrumb\":{\"@id\":\"https:\/\/www.leschatonsphilosophes.com\/index.php\/2023\/01\/18\/18-janvier-la-patte-des-chatons\/#breadcrumb\"},\"inLanguage\":\"fr-FR\",\"potentialAction\":[{\"@type\":\"ReadAction\",\"target\":[\"https:\/\/www.leschatonsphilosophes.com\/index.php\/2023\/01\/18\/18-janvier-la-patte-des-chatons\/\"]}]},{\"@type\":\"BreadcrumbList\",\"@id\":\"https:\/\/www.leschatonsphilosophes.com\/index.php\/2023\/01\/18\/18-janvier-la-patte-des-chatons\/#breadcrumb\",\"itemListElement\":[{\"@type\":\"ListItem\",\"position\":1,\"name\":\"Accueil\",\"item\":\"https:\/\/www.leschatonsphilosophes.com\/\"},{\"@type\":\"ListItem\",\"position\":2,\"name\":\"18 JANVIER : LA PATTE DES CHATONS\"}]},{\"@type\":\"WebSite\",\"@id\":\"https:\/\/www.leschatonsphilosophes.com\/#website\",\"url\":\"https:\/\/www.leschatonsphilosophes.com\/\",\"name\":\"Les chatons philosophes\",\"description\":\"\",\"publisher\":{\"@id\":\"https:\/\/www.leschatonsphilosophes.com\/#organization\"},\"potentialAction\":[{\"@type\":\"SearchAction\",\"target\":{\"@type\":\"EntryPoint\",\"urlTemplate\":\"https:\/\/www.leschatonsphilosophes.com\/?s={search_term_string}\"},\"query-input\":\"required name=search_term_string\"}],\"inLanguage\":\"fr-FR\"},{\"@type\":\"Organization\",\"@id\":\"https:\/\/www.leschatonsphilosophes.com\/#organization\",\"name\":\"Les chatons philosophes\",\"url\":\"https:\/\/www.leschatonsphilosophes.com\/\",\"sameAs\":[],\"logo\":{\"@type\":\"ImageObject\",\"inLanguage\":\"fr-FR\",\"@id\":\"https:\/\/www.leschatonsphilosophes.com\/#\/schema\/logo\/image\/\",\"url\":\"https:\/\/www.leschatonsphilosophes.com\/wp-content\/uploads\/2022\/04\/chatons.jpg\",\"contentUrl\":\"https:\/\/www.leschatonsphilosophes.com\/wp-content\/uploads\/2022\/04\/chatons.jpg\",\"width\":1905,\"height\":361,\"caption\":\"Les chatons philosophes\"},\"image\":{\"@id\":\"https:\/\/www.leschatonsphilosophes.com\/#\/schema\/logo\/image\/\"}},{\"@type\":\"Person\",\"@id\":\"https:\/\/www.leschatonsphilosophes.com\/#\/schema\/person\/4e417a454dca85af0032eaba20d84675\",\"name\":\"Christine\",\"image\":{\"@type\":\"ImageObject\",\"inLanguage\":\"fr-FR\",\"@id\":\"https:\/\/www.leschatonsphilosophes.com\/#\/schema\/person\/image\/\",\"url\":\"https:\/\/secure.gravatar.com\/avatar\/62f3f09883f1047005c692cdd418e7c5?s=96&d=mm&r=g\",\"contentUrl\":\"https:\/\/secure.gravatar.com\/avatar\/62f3f09883f1047005c692cdd418e7c5?s=96&d=mm&r=g\",\"caption\":\"Christine\"},\"description\":\"En 2019, j'ai d\u00e9pos\u00e9 \u00e0 l'INPI la marque Les Chatons Philosophes. Sa mission : initier les enfants (6-12 ans) \u00e0 la philosophie de fa\u00e7on participative, sans oublier la complexit\u00e9 de la pens\u00e9e et de la r\u00e9flexion. J'ai r\u00e9dig\u00e9 les supports suivants : - 5 fascicules th\u00e9matiques Qu'est-ce que ? La philosophie ? La libert\u00e9 ? La justice ? La nature ? Le bonheur ? Chaque fascicule pr\u00e9sente une vue g\u00e9n\u00e9rale de la th\u00e9matique de l'Antiquit\u00e9 au vingti\u00e8me si\u00e8cle. Des philosophes majeurs des \u00e9poques concern\u00e9es exposent leur point de vue. L'ouvrage est \u00e9maill\u00e9 d'expressions philosophiques compliqu\u00e9es mais expliqu\u00e9es simplement. Leur originalit\u00e9 : + ils sont volontairement difficiles au niveau du sens mais faciles au niveau de la lecture. Par cons\u00e9quent, m\u00eame un jeune enfant peut les lire avec plaisir, sans \u00eatre rebut\u00e9. + le style est vivant. Les textes sont pr\u00e9sent\u00e9s sous forme de dialogues entre les Chatons Philosophes : ils interrogent les philosophes, r\u00e9agissent \u00e0 leurs propos et se questionnent. + \u00e0 la fin de chaque fascicule, l\u2019enfant est amen\u00e9 \u00e0 s\u2019exprimer et \u00e0 devenir un vrai petit philosophe : * la rubrique Les Chatons Philosophes s\u2019interrogent lui propose de rechercher dans le texte les mots\/expressions difficiles. Parall\u00e8lement, elle l\u2019invite \u00e0 poursuivre sa r\u00e9flexion et \u00e0 se demander comment il peut appliquer concr\u00e8tement ces id\u00e9es dans son quotidien. * la rubrique Pour terminer l\u2019atelier philo am\u00e8ne l\u2019enfant \u00e0 verbaliser : En un mot (la libert\u00e9\u2026), pour toi, c\u2019est\u2026. En une phrase (la libert\u00e9\u2026) pour toi, c\u2019est\u2026 * le dicton des Chatons Philosophes termine la lecture. - 1 semainier 2022 les Chatons Philosophes. Chaque semaine, une th\u00e9matique par ordre alphab\u00e9tique - L'Amiti\u00e9, L'amour... - et chaque jour un chat d'\u00e9crivain, de peintre, de musicien\u2026, alternant avec le Chat Myst\u00e8re\/le Chat Imaginaire donne son avis. Un espace Tes Notes est r\u00e9serv\u00e9 \u00e0 l'enfant pour qu'il note ses pens\u00e9es et poursuive sa r\u00e9flexion. Parall\u00e8lement, j'anime des ateliers en \\\"pr\u00e9sentiel\\\" principalement au domicile de parents (Paris et proche banlieue) et con\u00e7ois des jeux philosophiques.\",\"sameAs\":[\"http:\/\/www.leschatonsphilosophes.com\"],\"url\":\"https:\/\/www.leschatonsphilosophes.com\/index.php\/author\/admin7290\/\"}]}<\/script>\n<!-- \/ Yoast SEO plugin. -->","yoast_head_json":{"title":"18 JANVIER : LA PATTE DES CHATONS - Les chatons philosophes","robots":{"index":"index","follow":"follow","max-snippet":"max-snippet:-1","max-image-preview":"max-image-preview:large","max-video-preview":"max-video-preview:-1"},"canonical":"https:\/\/www.leschatonsphilosophes.com\/index.php\/2023\/01\/18\/18-janvier-la-patte-des-chatons\/","og_locale":"fr_FR","og_type":"article","og_title":"18 JANVIER : LA PATTE DES CHATONS - Les chatons philosophes","og_description":"LE MERCREDI, C\u2019EST LE JOUR DE LA PENS\u00c9E PHILOSOPHIQUE\u2026 DES CHATONS PHILOSOPHES \u00c0 M\u00c9DITER Jade la princesse \u00e9toil\u00e9e, Th\u00e9o le lutin malicieux, Azur la f\u00e9e des songes vous invitent \u00e0 r\u00e9fl\u00e9chir sur la pens\u00e9e du Chat Imaginaire, extraite du Semainier 2002 Les Chatons Philosophes*, la semaine actuelle se d\u00e9roulant sous les auspices de L\u2019AMOUR\u00a0: \u00ab\u00a0Comment [&hellip;]","og_url":"https:\/\/www.leschatonsphilosophes.com\/index.php\/2023\/01\/18\/18-janvier-la-patte-des-chatons\/","og_site_name":"Les chatons philosophes","article_published_time":"2023-01-18T08:09:43+00:00","article_modified_time":"2023-01-18T08:09:44+00:00","author":"Christine","twitter_card":"summary_large_image","twitter_misc":{"\u00c9crit par":"Christine","Dur\u00e9e de lecture estim\u00e9e":"1 minute"},"schema":{"@context":"https:\/\/schema.org","@graph":[{"@type":"Article","@id":"https:\/\/www.leschatonsphilosophes.com\/index.php\/2023\/01\/18\/18-janvier-la-patte-des-chatons\/#article","isPartOf":{"@id":"https:\/\/www.leschatonsphilosophes.com\/index.php\/2023\/01\/18\/18-janvier-la-patte-des-chatons\/"},"author":{"name":"Christine","@id":"https:\/\/www.leschatonsphilosophes.com\/#\/schema\/person\/4e417a454dca85af0032eaba20d84675"},"headline":"18 JANVIER : LA PATTE DES CHATONS","datePublished":"2023-01-18T08:09:43+00:00","dateModified":"2023-01-18T08:09:44+00:00","mainEntityOfPage":{"@id":"https:\/\/www.leschatonsphilosophes.com\/index.php\/2023\/01\/18\/18-janvier-la-patte-des-chatons\/"},"wordCount":287,"commentCount":0,"publisher":{"@id":"https:\/\/www.leschatonsphilosophes.com\/#organization"},"inLanguage":"fr-FR","potentialAction":[{"@type":"CommentAction","name":"Comment","target":["https:\/\/www.leschatonsphilosophes.com\/index.php\/2023\/01\/18\/18-janvier-la-patte-des-chatons\/#respond"]}]},{"@type":"WebPage","@id":"https:\/\/www.leschatonsphilosophes.com\/index.php\/2023\/01\/18\/18-janvier-la-patte-des-chatons\/","url":"https:\/\/www.leschatonsphilosophes.com\/index.php\/2023\/01\/18\/18-janvier-la-patte-des-chatons\/","name":"18 JANVIER : LA PATTE DES CHATONS - Les chatons philosophes","isPartOf":{"@id":"https:\/\/www.leschatonsphilosophes.com\/#website"},"datePublished":"2023-01-18T08:09:43+00:00","dateModified":"2023-01-18T08:09:44+00:00","breadcrumb":{"@id":"https:\/\/www.leschatonsphilosophes.com\/index.php\/2023\/01\/18\/18-janvier-la-patte-des-chatons\/#breadcrumb"},"inLanguage":"fr-FR","potentialAction":[{"@type":"ReadAction","target":["https:\/\/www.leschatonsphilosophes.com\/index.php\/2023\/01\/18\/18-janvier-la-patte-des-chatons\/"]}]},{"@type":"BreadcrumbList","@id":"https:\/\/www.leschatonsphilosophes.com\/index.php\/2023\/01\/18\/18-janvier-la-patte-des-chatons\/#breadcrumb","itemListElement":[{"@type":"ListItem","position":1,"name":"Accueil","item":"https:\/\/www.leschatonsphilosophes.com\/"},{"@type":"ListItem","position":2,"name":"18 JANVIER : LA PATTE DES CHATONS"}]},{"@type":"WebSite","@id":"https:\/\/www.leschatonsphilosophes.com\/#website","url":"https:\/\/www.leschatonsphilosophes.com\/","name":"Les chatons philosophes","description":"","publisher":{"@id":"https:\/\/www.leschatonsphilosophes.com\/#organization"},"potentialAction":[{"@type":"SearchAction","target":{"@type":"EntryPoint","urlTemplate":"https:\/\/www.leschatonsphilosophes.com\/?s={search_term_string}"},"query-input":"required name=search_term_string"}],"inLanguage":"fr-FR"},{"@type":"Organization","@id":"https:\/\/www.leschatonsphilosophes.com\/#organization","name":"Les chatons philosophes","url":"https:\/\/www.leschatonsphilosophes.com\/","sameAs":[],"logo":{"@type":"ImageObject","inLanguage":"fr-FR","@id":"https:\/\/www.leschatonsphilosophes.com\/#\/schema\/logo\/image\/","url":"https:\/\/www.leschatonsphilosophes.com\/wp-content\/uploads\/2022\/04\/chatons.jpg","contentUrl":"https:\/\/www.leschatonsphilosophes.com\/wp-content\/uploads\/2022\/04\/chatons.jpg","width":1905,"height":361,"caption":"Les chatons philosophes"},"image":{"@id":"https:\/\/www.leschatonsphilosophes.com\/#\/schema\/logo\/image\/"}},{"@type":"Person","@id":"https:\/\/www.leschatonsphilosophes.com\/#\/schema\/person\/4e417a454dca85af0032eaba20d84675","name":"Christine","image":{"@type":"ImageObject","inLanguage":"fr-FR","@id":"https:\/\/www.leschatonsphilosophes.com\/#\/schema\/person\/image\/","url":"https:\/\/secure.gravatar.com\/avatar\/62f3f09883f1047005c692cdd418e7c5?s=96&d=mm&r=g","contentUrl":"https:\/\/secure.gravatar.com\/avatar\/62f3f09883f1047005c692cdd418e7c5?s=96&d=mm&r=g","caption":"Christine"},"description":"En 2019, j'ai d\u00e9pos\u00e9 \u00e0 l'INPI la marque Les Chatons Philosophes. Sa mission : initier les enfants (6-12 ans) \u00e0 la philosophie de fa\u00e7on participative, sans oublier la complexit\u00e9 de la pens\u00e9e et de la r\u00e9flexion. J'ai r\u00e9dig\u00e9 les supports suivants : - 5 fascicules th\u00e9matiques Qu'est-ce que ? La philosophie ? La libert\u00e9 ? La justice ? La nature ? Le bonheur ? Chaque fascicule pr\u00e9sente une vue g\u00e9n\u00e9rale de la th\u00e9matique de l'Antiquit\u00e9 au vingti\u00e8me si\u00e8cle. Des philosophes majeurs des \u00e9poques concern\u00e9es exposent leur point de vue. L'ouvrage est \u00e9maill\u00e9 d'expressions philosophiques compliqu\u00e9es mais expliqu\u00e9es simplement. Leur originalit\u00e9 : + ils sont volontairement difficiles au niveau du sens mais faciles au niveau de la lecture. Par cons\u00e9quent, m\u00eame un jeune enfant peut les lire avec plaisir, sans \u00eatre rebut\u00e9. + le style est vivant. Les textes sont pr\u00e9sent\u00e9s sous forme de dialogues entre les Chatons Philosophes : ils interrogent les philosophes, r\u00e9agissent \u00e0 leurs propos et se questionnent. + \u00e0 la fin de chaque fascicule, l\u2019enfant est amen\u00e9 \u00e0 s\u2019exprimer et \u00e0 devenir un vrai petit philosophe : * la rubrique Les Chatons Philosophes s\u2019interrogent lui propose de rechercher dans le texte les mots\/expressions difficiles. Parall\u00e8lement, elle l\u2019invite \u00e0 poursuivre sa r\u00e9flexion et \u00e0 se demander comment il peut appliquer concr\u00e8tement ces id\u00e9es dans son quotidien. * la rubrique Pour terminer l\u2019atelier philo am\u00e8ne l\u2019enfant \u00e0 verbaliser : En un mot (la libert\u00e9\u2026), pour toi, c\u2019est\u2026. En une phrase (la libert\u00e9\u2026) pour toi, c\u2019est\u2026 * le dicton des Chatons Philosophes termine la lecture. - 1 semainier 2022 les Chatons Philosophes. Chaque semaine, une th\u00e9matique par ordre alphab\u00e9tique - L'Amiti\u00e9, L'amour... - et chaque jour un chat d'\u00e9crivain, de peintre, de musicien\u2026, alternant avec le Chat Myst\u00e8re\/le Chat Imaginaire donne son avis. Un espace Tes Notes est r\u00e9serv\u00e9 \u00e0 l'enfant pour qu'il note ses pens\u00e9es et poursuive sa r\u00e9flexion. Parall\u00e8lement, j'anime des ateliers en \"pr\u00e9sentiel\" principalement au domicile de parents (Paris et proche banlieue) et con\u00e7ois des jeux philosophiques.","sameAs":["http:\/\/www.leschatonsphilosophes.com"],"url":"https:\/\/www.leschatonsphilosophes.com\/index.php\/author\/admin7290\/"}]}},"_links":{"self":[{"href":"https:\/\/www.leschatonsphilosophes.com\/index.php\/wp-json\/wp\/v2\/posts\/784"}],"collection":[{"href":"https:\/\/www.leschatonsphilosophes.com\/index.php\/wp-json\/wp\/v2\/posts"}],"about":[{"href":"https:\/\/www.leschatonsphilosophes.com\/index.php\/wp-json\/wp\/v2\/types\/post"}],"author":[{"embeddable":true,"href":"https:\/\/www.leschatonsphilosophes.com\/index.php\/wp-json\/wp\/v2\/users\/1"}],"replies":[{"embeddable":true,"href":"https:\/\/www.leschatonsphilosophes.com\/index.php\/wp-json\/wp\/v2\/comments?post=784"}],"version-history":[{"count":1,"href":"https:\/\/www.leschatonsphilosophes.com\/index.php\/wp-json\/wp\/v2\/posts\/784\/revisions"}],"predecessor-version":[{"id":785,"href":"https:\/\/www.leschatonsphilosophes.com\/index.php\/wp-json\/wp\/v2\/posts\/784\/revisions\/785"}],"wp:attachment":[{"href":"https:\/\/www.leschatonsphilosophes.com\/index.php\/wp-json\/wp\/v2\/media?parent=784"}],"wp:term":[{"taxonomy":"category","embeddable":true,"href":"https:\/\/www.leschatonsphilosophes.com\/index.php\/wp-json\/wp\/v2\/categories?post=784"},{"taxonomy":"post_tag","embeddable":true,"href":"https:\/\/www.leschatonsphilosophes.com\/index.php\/wp-json\/wp\/v2\/tags?post=784"}],"curies":[{"name":"wp","href":"https:\/\/api.w.org\/{rel}","templated":true}]}}