{"id":818,"date":"2023-02-01T12:06:41","date_gmt":"2023-02-01T11:06:41","guid":{"rendered":"https:\/\/www.leschatonsphilosophes.com\/?p=818"},"modified":"2023-02-01T12:06:42","modified_gmt":"2023-02-01T11:06:42","slug":"1er-fevrier-la-patte-des-chatons","status":"publish","type":"post","link":"https:\/\/www.leschatonsphilosophes.com\/index.php\/2023\/02\/01\/1er-fevrier-la-patte-des-chatons\/","title":{"rendered":"1er F\u00e9vrier : LA PATTE DES CHATONS"},"content":{"rendered":"\n<p class=\"has-luminous-vivid-amber-color has-text-color\">                                <strong>LE MERCREDI, C\u2019EST LA CITATION DU PHILOSOPHE<\/strong><\/p>\n\n\n\n<p>La beaut\u00e9 des choses existe dans l&rsquo;esprit de celui qui les contemple.<\/p>\n\n\n\n<p class=\"has-vivid-purple-color has-text-color\">                                      <strong>David Hume<\/strong><\/p>\n\n\n\n<p>Dans notre soci\u00e9t\u00e9 faisant la part belle \u00e0 l\u2019apparence physique et sociale, avec quel regard voyez-vous la <strong>beaut\u00e9<\/strong>\u00a0? Vous laissez-vous s\u00e9duire par les sir\u00e8nes des r\u00e9seaux sociaux, des influenceuse, des mannequins\u00a0? Ou r\u00e9sistez-vous \u00e0 la tentation pour prendre le temps de rechercher et de contempler la <strong>beaut\u00e9<\/strong> dans les petits riens du quotidien\u00a0: le chant d\u2019un oiseau, une belle fleur, un magnifique paysage \u00e0 la campagne, un coucher de soleil sur la mer\u2026\u00a0?<\/p>\n\n\n\n<p>Si vous avez des enfants, c\u00e9dez-vous \u00e0 leur envie de para\u00eetre ou leur apprenez-vous que l\u2019apparence n\u2019est qu\u2019une fa\u00e7ade et que l\u2019important dans la vie r\u00e9side dans les actions qu\u2019ils peuvent faire \u00e0 leur niveau pour aider leurs camarades, faire attention \u00e0 ceux qui souffrent ou qui ont faim\u00a0?<\/p>\n\n\n\n<p>Telle est la <strong>beaut\u00e9<\/strong> du geste. Telle est la <strong>beaut\u00e9<\/strong> de l\u2019\u00e2me.<\/p>\n\n\n\n<p class=\"has-text-align-center\"><strong>\u00c9CHANGEZ. PARTAGEZ<\/strong>.<\/p>\n\n\n\n<p>Pour vous accompagner dans votre r\u00e9flexion tout au long de la semaine d\u00e9di\u00e9e \u00e0 la <strong>BEAUT\u00c9<\/strong>, <\/p>\n\n\n\n<p class=\"has-text-align-center has-vivid-red-color has-text-color\"><strong>Jade la princesse \u00e9toil\u00e9e<\/strong>, <strong>Th\u00e9o le lutin malicieux,<\/strong> <strong>Azur la f\u00e9e des songes <\/strong><\/p>\n\n\n\n<p>vous invitent \u00e0 r\u00e9fl\u00e9chir sur la pens\u00e9e du <strong>CHAT MYST\u00c8RE<\/strong>, extraite du <strong>Semainier 2002 Les Chatons Philosophes<\/strong>*\u00a0:<\/p>\n\n\n\n<p>                                                  Je crois qu\u2019il n\u2019y a aucun mot pour exprimer la beaut\u00e9.<\/p>\n\n\n\n<p>Rendez-vous sur le site <a href=\"http:\/\/www.leschatonsphilosophes.com\"><strong>www.leschatonsphilosophes.com<\/strong><\/a> pour d\u00e9couvrir le blog quotidien, les fascicules th\u00e9matiques, le semainier 2022*, les ateliers \u2013 anim\u00e9s au domicile des parents et au sein des entreprises \u2013 ainsi que sur les pages Facebook <strong>Les Chatons Philosophes<\/strong>\/Christine Destruhaut et LinkedIn.<\/p>\n\n\n\n<p>N\u2019h\u00e9sitez pas \u00e0 nous faire part de vos envies, observations, suggestions. <strong>Les Chatons Philosophes<\/strong> \u2013\u00a0 <strong>Jade la princesse \u00e9toil\u00e9e<\/strong>, <strong>Th\u00e9o le lutin malicieux<\/strong> et <strong>Azur la f\u00e9e des songes <\/strong>\u2013 ainsi que leur compagne humaine seront heureux de tout mettre en \u0153uvre pour les concr\u00e9tiser.<\/p>\n\n\n\n<p class=\"has-text-align-center\"><strong>ET PARTAGEZ, PARTAGEZ, PARTAGEZ&nbsp; POUR NOUS DONNER DE LA VISIBILIT\u00c9<\/strong><\/p>\n\n\n\n<p class=\"has-text-align-center\"><strong>ET NOUS PERMETTRE D\u2019EXISTER!!!!!!!!!!!<\/strong><\/p>\n\n\n\n<p><strong>\u00a0\u00a0 * Il nous reste des exemplaires que nous vous <u>donnons gratuitement<\/u> contre l\u2019achat des cinq fascicules th\u00e9matiques et\/ou d\u2019un ou plusieurs fascicules avec les 3 figurines et la planche d\u2019autocollants. Une version 2024 est en cours d\u2019\u00e9laboration.<\/strong><\/p>\n","protected":false},"excerpt":{"rendered":"<p>LE MERCREDI, C\u2019EST LA CITATION DU PHILOSOPHE La beaut\u00e9 des choses existe dans l&rsquo;esprit de celui qui les contemple. David Hume Dans notre soci\u00e9t\u00e9 faisant la part belle \u00e0 l\u2019apparence physique et sociale, avec quel regard voyez-vous la beaut\u00e9\u00a0? Vous laissez-vous s\u00e9duire par les sir\u00e8nes des r\u00e9seaux sociaux, des influenceuse, des mannequins\u00a0? Ou r\u00e9sistez-vous \u00e0 [&hellip;]<\/p>\n","protected":false},"author":1,"featured_media":0,"comment_status":"open","ping_status":"open","sticky":false,"template":"","format":"standard","meta":[],"categories":[1],"tags":[],"yoast_head":"<!-- This site is optimized with the Yoast SEO plugin v19.7.1 - https:\/\/yoast.com\/wordpress\/plugins\/seo\/ -->\n<title>1er F\u00e9vrier : LA PATTE DES CHATONS - Les chatons philosophes<\/title>\n<meta name=\"robots\" content=\"index, follow, max-snippet:-1, max-image-preview:large, max-video-preview:-1\" \/>\n<link rel=\"canonical\" href=\"https:\/\/www.leschatonsphilosophes.com\/index.php\/2023\/02\/01\/1er-fevrier-la-patte-des-chatons\/\" \/>\n<meta property=\"og:locale\" content=\"fr_FR\" \/>\n<meta property=\"og:type\" content=\"article\" \/>\n<meta property=\"og:title\" content=\"1er F\u00e9vrier : LA PATTE DES CHATONS - Les chatons philosophes\" \/>\n<meta property=\"og:description\" content=\"LE MERCREDI, C\u2019EST LA CITATION DU PHILOSOPHE La beaut\u00e9 des choses existe dans l&rsquo;esprit de celui qui les contemple. David Hume Dans notre soci\u00e9t\u00e9 faisant la part belle \u00e0 l\u2019apparence physique et sociale, avec quel regard voyez-vous la beaut\u00e9\u00a0? Vous laissez-vous s\u00e9duire par les sir\u00e8nes des r\u00e9seaux sociaux, des influenceuse, des mannequins\u00a0? Ou r\u00e9sistez-vous \u00e0 [&hellip;]\" \/>\n<meta property=\"og:url\" content=\"https:\/\/www.leschatonsphilosophes.com\/index.php\/2023\/02\/01\/1er-fevrier-la-patte-des-chatons\/\" \/>\n<meta property=\"og:site_name\" content=\"Les chatons philosophes\" \/>\n<meta property=\"article:published_time\" content=\"2023-02-01T11:06:41+00:00\" \/>\n<meta property=\"article:modified_time\" content=\"2023-02-01T11:06:42+00:00\" \/>\n<meta name=\"author\" content=\"Christine\" \/>\n<meta name=\"twitter:card\" content=\"summary_large_image\" \/>\n<meta name=\"twitter:label1\" content=\"\u00c9crit par\" \/>\n\t<meta name=\"twitter:data1\" content=\"Christine\" \/>\n\t<meta name=\"twitter:label2\" content=\"Dur\u00e9e de lecture estim\u00e9e\" \/>\n\t<meta name=\"twitter:data2\" content=\"2 minutes\" \/>\n<script type=\"application\/ld+json\" class=\"yoast-schema-graph\">{\"@context\":\"https:\/\/schema.org\",\"@graph\":[{\"@type\":\"Article\",\"@id\":\"https:\/\/www.leschatonsphilosophes.com\/index.php\/2023\/02\/01\/1er-fevrier-la-patte-des-chatons\/#article\",\"isPartOf\":{\"@id\":\"https:\/\/www.leschatonsphilosophes.com\/index.php\/2023\/02\/01\/1er-fevrier-la-patte-des-chatons\/\"},\"author\":{\"name\":\"Christine\",\"@id\":\"https:\/\/www.leschatonsphilosophes.com\/#\/schema\/person\/4e417a454dca85af0032eaba20d84675\"},\"headline\":\"1er F\u00e9vrier : LA PATTE DES CHATONS\",\"datePublished\":\"2023-02-01T11:06:41+00:00\",\"dateModified\":\"2023-02-01T11:06:42+00:00\",\"mainEntityOfPage\":{\"@id\":\"https:\/\/www.leschatonsphilosophes.com\/index.php\/2023\/02\/01\/1er-fevrier-la-patte-des-chatons\/\"},\"wordCount\":391,\"commentCount\":0,\"publisher\":{\"@id\":\"https:\/\/www.leschatonsphilosophes.com\/#organization\"},\"inLanguage\":\"fr-FR\",\"potentialAction\":[{\"@type\":\"CommentAction\",\"name\":\"Comment\",\"target\":[\"https:\/\/www.leschatonsphilosophes.com\/index.php\/2023\/02\/01\/1er-fevrier-la-patte-des-chatons\/#respond\"]}]},{\"@type\":\"WebPage\",\"@id\":\"https:\/\/www.leschatonsphilosophes.com\/index.php\/2023\/02\/01\/1er-fevrier-la-patte-des-chatons\/\",\"url\":\"https:\/\/www.leschatonsphilosophes.com\/index.php\/2023\/02\/01\/1er-fevrier-la-patte-des-chatons\/\",\"name\":\"1er F\u00e9vrier : LA PATTE DES CHATONS - Les chatons philosophes\",\"isPartOf\":{\"@id\":\"https:\/\/www.leschatonsphilosophes.com\/#website\"},\"datePublished\":\"2023-02-01T11:06:41+00:00\",\"dateModified\":\"2023-02-01T11:06:42+00:00\",\"breadcrumb\":{\"@id\":\"https:\/\/www.leschatonsphilosophes.com\/index.php\/2023\/02\/01\/1er-fevrier-la-patte-des-chatons\/#breadcrumb\"},\"inLanguage\":\"fr-FR\",\"potentialAction\":[{\"@type\":\"ReadAction\",\"target\":[\"https:\/\/www.leschatonsphilosophes.com\/index.php\/2023\/02\/01\/1er-fevrier-la-patte-des-chatons\/\"]}]},{\"@type\":\"BreadcrumbList\",\"@id\":\"https:\/\/www.leschatonsphilosophes.com\/index.php\/2023\/02\/01\/1er-fevrier-la-patte-des-chatons\/#breadcrumb\",\"itemListElement\":[{\"@type\":\"ListItem\",\"position\":1,\"name\":\"Accueil\",\"item\":\"https:\/\/www.leschatonsphilosophes.com\/\"},{\"@type\":\"ListItem\",\"position\":2,\"name\":\"1er F\u00e9vrier : LA PATTE DES CHATONS\"}]},{\"@type\":\"WebSite\",\"@id\":\"https:\/\/www.leschatonsphilosophes.com\/#website\",\"url\":\"https:\/\/www.leschatonsphilosophes.com\/\",\"name\":\"Les chatons philosophes\",\"description\":\"\",\"publisher\":{\"@id\":\"https:\/\/www.leschatonsphilosophes.com\/#organization\"},\"potentialAction\":[{\"@type\":\"SearchAction\",\"target\":{\"@type\":\"EntryPoint\",\"urlTemplate\":\"https:\/\/www.leschatonsphilosophes.com\/?s={search_term_string}\"},\"query-input\":\"required name=search_term_string\"}],\"inLanguage\":\"fr-FR\"},{\"@type\":\"Organization\",\"@id\":\"https:\/\/www.leschatonsphilosophes.com\/#organization\",\"name\":\"Les chatons philosophes\",\"url\":\"https:\/\/www.leschatonsphilosophes.com\/\",\"sameAs\":[],\"logo\":{\"@type\":\"ImageObject\",\"inLanguage\":\"fr-FR\",\"@id\":\"https:\/\/www.leschatonsphilosophes.com\/#\/schema\/logo\/image\/\",\"url\":\"https:\/\/www.leschatonsphilosophes.com\/wp-content\/uploads\/2022\/04\/chatons.jpg\",\"contentUrl\":\"https:\/\/www.leschatonsphilosophes.com\/wp-content\/uploads\/2022\/04\/chatons.jpg\",\"width\":1905,\"height\":361,\"caption\":\"Les chatons philosophes\"},\"image\":{\"@id\":\"https:\/\/www.leschatonsphilosophes.com\/#\/schema\/logo\/image\/\"}},{\"@type\":\"Person\",\"@id\":\"https:\/\/www.leschatonsphilosophes.com\/#\/schema\/person\/4e417a454dca85af0032eaba20d84675\",\"name\":\"Christine\",\"image\":{\"@type\":\"ImageObject\",\"inLanguage\":\"fr-FR\",\"@id\":\"https:\/\/www.leschatonsphilosophes.com\/#\/schema\/person\/image\/\",\"url\":\"https:\/\/secure.gravatar.com\/avatar\/62f3f09883f1047005c692cdd418e7c5?s=96&d=mm&r=g\",\"contentUrl\":\"https:\/\/secure.gravatar.com\/avatar\/62f3f09883f1047005c692cdd418e7c5?s=96&d=mm&r=g\",\"caption\":\"Christine\"},\"description\":\"En 2019, j'ai d\u00e9pos\u00e9 \u00e0 l'INPI la marque Les Chatons Philosophes. Sa mission : initier les enfants (6-12 ans) \u00e0 la philosophie de fa\u00e7on participative, sans oublier la complexit\u00e9 de la pens\u00e9e et de la r\u00e9flexion. J'ai r\u00e9dig\u00e9 les supports suivants : - 5 fascicules th\u00e9matiques Qu'est-ce que ? La philosophie ? La libert\u00e9 ? La justice ? La nature ? Le bonheur ? Chaque fascicule pr\u00e9sente une vue g\u00e9n\u00e9rale de la th\u00e9matique de l'Antiquit\u00e9 au vingti\u00e8me si\u00e8cle. Des philosophes majeurs des \u00e9poques concern\u00e9es exposent leur point de vue. L'ouvrage est \u00e9maill\u00e9 d'expressions philosophiques compliqu\u00e9es mais expliqu\u00e9es simplement. Leur originalit\u00e9 : + ils sont volontairement difficiles au niveau du sens mais faciles au niveau de la lecture. Par cons\u00e9quent, m\u00eame un jeune enfant peut les lire avec plaisir, sans \u00eatre rebut\u00e9. + le style est vivant. Les textes sont pr\u00e9sent\u00e9s sous forme de dialogues entre les Chatons Philosophes : ils interrogent les philosophes, r\u00e9agissent \u00e0 leurs propos et se questionnent. + \u00e0 la fin de chaque fascicule, l\u2019enfant est amen\u00e9 \u00e0 s\u2019exprimer et \u00e0 devenir un vrai petit philosophe : * la rubrique Les Chatons Philosophes s\u2019interrogent lui propose de rechercher dans le texte les mots\/expressions difficiles. Parall\u00e8lement, elle l\u2019invite \u00e0 poursuivre sa r\u00e9flexion et \u00e0 se demander comment il peut appliquer concr\u00e8tement ces id\u00e9es dans son quotidien. * la rubrique Pour terminer l\u2019atelier philo am\u00e8ne l\u2019enfant \u00e0 verbaliser : En un mot (la libert\u00e9\u2026), pour toi, c\u2019est\u2026. En une phrase (la libert\u00e9\u2026) pour toi, c\u2019est\u2026 * le dicton des Chatons Philosophes termine la lecture. - 1 semainier 2022 les Chatons Philosophes. Chaque semaine, une th\u00e9matique par ordre alphab\u00e9tique - L'Amiti\u00e9, L'amour... - et chaque jour un chat d'\u00e9crivain, de peintre, de musicien\u2026, alternant avec le Chat Myst\u00e8re\/le Chat Imaginaire donne son avis. Un espace Tes Notes est r\u00e9serv\u00e9 \u00e0 l'enfant pour qu'il note ses pens\u00e9es et poursuive sa r\u00e9flexion. Parall\u00e8lement, j'anime des ateliers en \\\"pr\u00e9sentiel\\\" principalement au domicile de parents (Paris et proche banlieue) et con\u00e7ois des jeux philosophiques.\",\"sameAs\":[\"http:\/\/www.leschatonsphilosophes.com\"],\"url\":\"https:\/\/www.leschatonsphilosophes.com\/index.php\/author\/admin7290\/\"}]}<\/script>\n<!-- \/ Yoast SEO plugin. -->","yoast_head_json":{"title":"1er F\u00e9vrier : LA PATTE DES CHATONS - Les chatons philosophes","robots":{"index":"index","follow":"follow","max-snippet":"max-snippet:-1","max-image-preview":"max-image-preview:large","max-video-preview":"max-video-preview:-1"},"canonical":"https:\/\/www.leschatonsphilosophes.com\/index.php\/2023\/02\/01\/1er-fevrier-la-patte-des-chatons\/","og_locale":"fr_FR","og_type":"article","og_title":"1er F\u00e9vrier : LA PATTE DES CHATONS - Les chatons philosophes","og_description":"LE MERCREDI, C\u2019EST LA CITATION DU PHILOSOPHE La beaut\u00e9 des choses existe dans l&rsquo;esprit de celui qui les contemple. David Hume Dans notre soci\u00e9t\u00e9 faisant la part belle \u00e0 l\u2019apparence physique et sociale, avec quel regard voyez-vous la beaut\u00e9\u00a0? Vous laissez-vous s\u00e9duire par les sir\u00e8nes des r\u00e9seaux sociaux, des influenceuse, des mannequins\u00a0? Ou r\u00e9sistez-vous \u00e0 [&hellip;]","og_url":"https:\/\/www.leschatonsphilosophes.com\/index.php\/2023\/02\/01\/1er-fevrier-la-patte-des-chatons\/","og_site_name":"Les chatons philosophes","article_published_time":"2023-02-01T11:06:41+00:00","article_modified_time":"2023-02-01T11:06:42+00:00","author":"Christine","twitter_card":"summary_large_image","twitter_misc":{"\u00c9crit par":"Christine","Dur\u00e9e de lecture estim\u00e9e":"2 minutes"},"schema":{"@context":"https:\/\/schema.org","@graph":[{"@type":"Article","@id":"https:\/\/www.leschatonsphilosophes.com\/index.php\/2023\/02\/01\/1er-fevrier-la-patte-des-chatons\/#article","isPartOf":{"@id":"https:\/\/www.leschatonsphilosophes.com\/index.php\/2023\/02\/01\/1er-fevrier-la-patte-des-chatons\/"},"author":{"name":"Christine","@id":"https:\/\/www.leschatonsphilosophes.com\/#\/schema\/person\/4e417a454dca85af0032eaba20d84675"},"headline":"1er F\u00e9vrier : LA PATTE DES CHATONS","datePublished":"2023-02-01T11:06:41+00:00","dateModified":"2023-02-01T11:06:42+00:00","mainEntityOfPage":{"@id":"https:\/\/www.leschatonsphilosophes.com\/index.php\/2023\/02\/01\/1er-fevrier-la-patte-des-chatons\/"},"wordCount":391,"commentCount":0,"publisher":{"@id":"https:\/\/www.leschatonsphilosophes.com\/#organization"},"inLanguage":"fr-FR","potentialAction":[{"@type":"CommentAction","name":"Comment","target":["https:\/\/www.leschatonsphilosophes.com\/index.php\/2023\/02\/01\/1er-fevrier-la-patte-des-chatons\/#respond"]}]},{"@type":"WebPage","@id":"https:\/\/www.leschatonsphilosophes.com\/index.php\/2023\/02\/01\/1er-fevrier-la-patte-des-chatons\/","url":"https:\/\/www.leschatonsphilosophes.com\/index.php\/2023\/02\/01\/1er-fevrier-la-patte-des-chatons\/","name":"1er F\u00e9vrier : LA PATTE DES CHATONS - Les chatons philosophes","isPartOf":{"@id":"https:\/\/www.leschatonsphilosophes.com\/#website"},"datePublished":"2023-02-01T11:06:41+00:00","dateModified":"2023-02-01T11:06:42+00:00","breadcrumb":{"@id":"https:\/\/www.leschatonsphilosophes.com\/index.php\/2023\/02\/01\/1er-fevrier-la-patte-des-chatons\/#breadcrumb"},"inLanguage":"fr-FR","potentialAction":[{"@type":"ReadAction","target":["https:\/\/www.leschatonsphilosophes.com\/index.php\/2023\/02\/01\/1er-fevrier-la-patte-des-chatons\/"]}]},{"@type":"BreadcrumbList","@id":"https:\/\/www.leschatonsphilosophes.com\/index.php\/2023\/02\/01\/1er-fevrier-la-patte-des-chatons\/#breadcrumb","itemListElement":[{"@type":"ListItem","position":1,"name":"Accueil","item":"https:\/\/www.leschatonsphilosophes.com\/"},{"@type":"ListItem","position":2,"name":"1er F\u00e9vrier : LA PATTE DES CHATONS"}]},{"@type":"WebSite","@id":"https:\/\/www.leschatonsphilosophes.com\/#website","url":"https:\/\/www.leschatonsphilosophes.com\/","name":"Les chatons philosophes","description":"","publisher":{"@id":"https:\/\/www.leschatonsphilosophes.com\/#organization"},"potentialAction":[{"@type":"SearchAction","target":{"@type":"EntryPoint","urlTemplate":"https:\/\/www.leschatonsphilosophes.com\/?s={search_term_string}"},"query-input":"required name=search_term_string"}],"inLanguage":"fr-FR"},{"@type":"Organization","@id":"https:\/\/www.leschatonsphilosophes.com\/#organization","name":"Les chatons philosophes","url":"https:\/\/www.leschatonsphilosophes.com\/","sameAs":[],"logo":{"@type":"ImageObject","inLanguage":"fr-FR","@id":"https:\/\/www.leschatonsphilosophes.com\/#\/schema\/logo\/image\/","url":"https:\/\/www.leschatonsphilosophes.com\/wp-content\/uploads\/2022\/04\/chatons.jpg","contentUrl":"https:\/\/www.leschatonsphilosophes.com\/wp-content\/uploads\/2022\/04\/chatons.jpg","width":1905,"height":361,"caption":"Les chatons philosophes"},"image":{"@id":"https:\/\/www.leschatonsphilosophes.com\/#\/schema\/logo\/image\/"}},{"@type":"Person","@id":"https:\/\/www.leschatonsphilosophes.com\/#\/schema\/person\/4e417a454dca85af0032eaba20d84675","name":"Christine","image":{"@type":"ImageObject","inLanguage":"fr-FR","@id":"https:\/\/www.leschatonsphilosophes.com\/#\/schema\/person\/image\/","url":"https:\/\/secure.gravatar.com\/avatar\/62f3f09883f1047005c692cdd418e7c5?s=96&d=mm&r=g","contentUrl":"https:\/\/secure.gravatar.com\/avatar\/62f3f09883f1047005c692cdd418e7c5?s=96&d=mm&r=g","caption":"Christine"},"description":"En 2019, j'ai d\u00e9pos\u00e9 \u00e0 l'INPI la marque Les Chatons Philosophes. Sa mission : initier les enfants (6-12 ans) \u00e0 la philosophie de fa\u00e7on participative, sans oublier la complexit\u00e9 de la pens\u00e9e et de la r\u00e9flexion. J'ai r\u00e9dig\u00e9 les supports suivants : - 5 fascicules th\u00e9matiques Qu'est-ce que ? La philosophie ? La libert\u00e9 ? La justice ? La nature ? Le bonheur ? Chaque fascicule pr\u00e9sente une vue g\u00e9n\u00e9rale de la th\u00e9matique de l'Antiquit\u00e9 au vingti\u00e8me si\u00e8cle. Des philosophes majeurs des \u00e9poques concern\u00e9es exposent leur point de vue. L'ouvrage est \u00e9maill\u00e9 d'expressions philosophiques compliqu\u00e9es mais expliqu\u00e9es simplement. Leur originalit\u00e9 : + ils sont volontairement difficiles au niveau du sens mais faciles au niveau de la lecture. Par cons\u00e9quent, m\u00eame un jeune enfant peut les lire avec plaisir, sans \u00eatre rebut\u00e9. + le style est vivant. Les textes sont pr\u00e9sent\u00e9s sous forme de dialogues entre les Chatons Philosophes : ils interrogent les philosophes, r\u00e9agissent \u00e0 leurs propos et se questionnent. + \u00e0 la fin de chaque fascicule, l\u2019enfant est amen\u00e9 \u00e0 s\u2019exprimer et \u00e0 devenir un vrai petit philosophe : * la rubrique Les Chatons Philosophes s\u2019interrogent lui propose de rechercher dans le texte les mots\/expressions difficiles. Parall\u00e8lement, elle l\u2019invite \u00e0 poursuivre sa r\u00e9flexion et \u00e0 se demander comment il peut appliquer concr\u00e8tement ces id\u00e9es dans son quotidien. * la rubrique Pour terminer l\u2019atelier philo am\u00e8ne l\u2019enfant \u00e0 verbaliser : En un mot (la libert\u00e9\u2026), pour toi, c\u2019est\u2026. En une phrase (la libert\u00e9\u2026) pour toi, c\u2019est\u2026 * le dicton des Chatons Philosophes termine la lecture. - 1 semainier 2022 les Chatons Philosophes. Chaque semaine, une th\u00e9matique par ordre alphab\u00e9tique - L'Amiti\u00e9, L'amour... - et chaque jour un chat d'\u00e9crivain, de peintre, de musicien\u2026, alternant avec le Chat Myst\u00e8re\/le Chat Imaginaire donne son avis. Un espace Tes Notes est r\u00e9serv\u00e9 \u00e0 l'enfant pour qu'il note ses pens\u00e9es et poursuive sa r\u00e9flexion. Parall\u00e8lement, j'anime des ateliers en \"pr\u00e9sentiel\" principalement au domicile de parents (Paris et proche banlieue) et con\u00e7ois des jeux philosophiques.","sameAs":["http:\/\/www.leschatonsphilosophes.com"],"url":"https:\/\/www.leschatonsphilosophes.com\/index.php\/author\/admin7290\/"}]}},"_links":{"self":[{"href":"https:\/\/www.leschatonsphilosophes.com\/index.php\/wp-json\/wp\/v2\/posts\/818"}],"collection":[{"href":"https:\/\/www.leschatonsphilosophes.com\/index.php\/wp-json\/wp\/v2\/posts"}],"about":[{"href":"https:\/\/www.leschatonsphilosophes.com\/index.php\/wp-json\/wp\/v2\/types\/post"}],"author":[{"embeddable":true,"href":"https:\/\/www.leschatonsphilosophes.com\/index.php\/wp-json\/wp\/v2\/users\/1"}],"replies":[{"embeddable":true,"href":"https:\/\/www.leschatonsphilosophes.com\/index.php\/wp-json\/wp\/v2\/comments?post=818"}],"version-history":[{"count":1,"href":"https:\/\/www.leschatonsphilosophes.com\/index.php\/wp-json\/wp\/v2\/posts\/818\/revisions"}],"predecessor-version":[{"id":819,"href":"https:\/\/www.leschatonsphilosophes.com\/index.php\/wp-json\/wp\/v2\/posts\/818\/revisions\/819"}],"wp:attachment":[{"href":"https:\/\/www.leschatonsphilosophes.com\/index.php\/wp-json\/wp\/v2\/media?parent=818"}],"wp:term":[{"taxonomy":"category","embeddable":true,"href":"https:\/\/www.leschatonsphilosophes.com\/index.php\/wp-json\/wp\/v2\/categories?post=818"},{"taxonomy":"post_tag","embeddable":true,"href":"https:\/\/www.leschatonsphilosophes.com\/index.php\/wp-json\/wp\/v2\/tags?post=818"}],"curies":[{"name":"wp","href":"https:\/\/api.w.org\/{rel}","templated":true}]}}